{"id":511691,"date":"2026-05-28T03:04:22","date_gmt":"2026-05-28T03:04:22","guid":{"rendered":"https:\/\/www.europesays.com\/it\/511691\/"},"modified":"2026-05-28T03:04:22","modified_gmt":"2026-05-28T03:04:22","slug":"inter-stankovic-e-tornato-a-milano-visite-mediche-e-incontro-per-il-futuro","status":"publish","type":"post","link":"https:\/\/www.europesays.com\/it\/511691\/","title":{"rendered":"Inter, Stankovic \u00e8 tornato a Milano: visite mediche e incontro per il futuro"},"content":{"rendered":"<p>In casa<b><strong> Inter<\/strong><\/b> sono giorni di grandi riflessioni e di ragionamenti per quello che sar\u00e0 il futuro della rosa a disposizione di un presto rinnovato Cristian <b><strong>Chivu<\/strong><\/b>. La squadra non sar\u00e0 rivoluzionata ma, per usare le parole del presidente Beppe <b><strong>Marotta<\/strong><\/b>, dovr\u00e0 evolversi per migliorare. <\/p>\n<p>Lo zoccolo duro in sostanza rimarr\u00e0 e saranno aggiunti diversi tasselli in differenti zone del campo. In quest&#8217;ottica<b><strong> uno dei nomi pi\u00f9 graditi ed entrati a distanza nel cuore dei tifosi interisti \u00e8 quello di Aleksandar Stankovic <\/strong><\/b>che oggi, a sorpresa,<b><strong> si \u00e8 presentato a Milano.<\/strong><\/b><\/p>\n","protected":false},"excerpt":{"rendered":"In casa Inter sono giorni di grandi riflessioni e di ragionamenti per quello che sar\u00e0 il futuro della&hellip;\n","protected":false},"author":3,"featured_media":511692,"comment_status":"","ping_status":"","sticky":false,"template":"","format":"standard","meta":{"footnotes":"","_share_on_mastodon":"0"},"categories":[176],"tags":[126911,353,24220,24221,350,1537,90,89,26093,245,244,355],"class_list":["post-511691","post","type-post","status-publish","format-standard","has-post-thumbnail","category-sport","tag-a-stankovic","tag-calciomercato","tag-club-bruges","tag-club-brugge","tag-inter","tag-it","tag-italia","tag-italy","tag-newcastle-united","tag-sport","tag-sports","tag-transfers"],"share_on_mastodon":{"url":"https:\/\/pubeurope.com\/@it\/116649988403883558","error":""},"_links":{"self":[{"href":"https:\/\/www.europesays.com\/it\/wp-json\/wp\/v2\/posts\/511691","targetHints":{"allow":["GET"]}}],"collection":[{"href":"https:\/\/www.europesays.com\/it\/wp-json\/wp\/v2\/posts"}],"about":[{"href":"https:\/\/www.europesays.com\/it\/wp-json\/wp\/v2\/types\/post"}],"author":[{"embeddable":true,"href":"https:\/\/www.europesays.com\/it\/wp-json\/wp\/v2\/users\/3"}],"replies":[{"embeddable":true,"href":"https:\/\/www.europesays.com\/it\/wp-json\/wp\/v2\/comments?post=511691"}],"version-history":[{"count":0,"href":"https:\/\/www.europesays.com\/it\/wp-json\/wp\/v2\/posts\/511691\/revisions"}],"wp:featuredmedia":[{"embeddable":true,"href":"https:\/\/www.europesays.com\/it\/wp-json\/wp\/v2\/media\/511692"}],"wp:attachment":[{"href":"https:\/\/www.europesays.com\/it\/wp-json\/wp\/v2\/media?parent=511691"}],"wp:term":[{"taxonomy":"category","embeddable":true,"href":"https:\/\/www.europesays.com\/it\/wp-json\/wp\/v2\/categories?post=511691"},{"taxonomy":"post_tag","embeddable":true,"href":"https:\/\/www.europesays.com\/it\/wp-json\/wp\/v2\/tags?post=511691"}],"curies":[{"name":"wp","href":"https:\/\/api.w.org\/{rel}","templated":true}]}}