{"id":511701,"date":"2026-05-28T03:10:13","date_gmt":"2026-05-28T03:10:13","guid":{"rendered":"https:\/\/www.europesays.com\/it\/511701\/"},"modified":"2026-05-28T03:10:13","modified_gmt":"2026-05-28T03:10:13","slug":"omicidio-di-milano-a-sinistra-chiedono-piu-sicurezza-ma-si-oppongono-a-qualunque-iniziativa","status":"publish","type":"post","link":"https:\/\/www.europesays.com\/it\/511701\/","title":{"rendered":"Omicidio di Milano, a sinistra chiedono pi\u00f9 sicurezza ma si oppongono a qualunque iniziativa"},"content":{"rendered":"<p>L\u2019ultimo omicidio di <a data-autogenerated=\"yes\" data-datalayer-click-event-target=\"internal\" href=\"https:\/\/www.ilgiornale.it\/luoghi\/milano-144656.html\" rel=\"nofollow noopener\" target=\"_blank\">Milano<\/a> apre nuovi scenari e discussioni sulla sicurezza, che emergono soprattutto a fronte dell\u2019incoerenza della sinistra, che solo quando avvengono le tragedie si rende conto che serve agire. Ma solo verbalmente, perch\u00e9 quando poi vengono avanzate proposte concrete per cercare soluzioni alza le barricate. Per\u00f2 nel frattempo usa la cronaca per cercare di attaccare il governo. \u201cIl tema della sicurezza dei giovani richiede una risposta dello Stato che affianchi, all&#8217;indispensabile elemento securitario, un profilo non secondario incentrato su misure capaci di ridurre il disagio giovanile e di spezzare il legame, sempre pericoloso, tra disagio e criminalit\u00e0, attraverso una piu&#8217; lungimirante politica di prevenzione sul piano sociale, culturale ed educativo, in stretta sinergia tra istituzioni, famiglie e mondo della scuola\u201d, ha dichiarato il ministro dell&#8217;Interno, <strong>Matteo Piantedosi<\/strong>.<\/p>\n<p>\u201cDopo l\u2019<strong>opposizione al decreto sicurezza<\/strong>, la sinistra variopinta, non paga di ostacolarle, usa persino l\u2019omicidio di Milano Certosa per attaccare pretestuosamente il Governo. Non che ci aspettassimo qualcosa di diverso, ma la verit\u00e0 \u00e8 che se ci fosse stato un loro esecutivo non ci sarebbe stato invece alcun giro di vite nei reati di gruppo commessi da giovani n\u00e9 sulle armi da taglio, provvedimenti che noi abbiamo ritenuto essenziali e che invece le opposizioni hanno ritenuto eccessivamente punitivi verso i giovani. n\u00e9 sulle armi da taglio, provvedimenti che noi abbiamo ritenuto essenziali e che invece le opposizioni hanno ritenuto eccessivamente punitivi verso i giovani\u201d, ha dichiarato <strong>Augusta Montaruli<\/strong>, vicecapogruppo di Fratelli d&#8217;Italia alla Camera dei deputati. \u201cL&#8217;unica cosa che mi sento di dire \u00e8 che nessuno di noi, io in primis, sminuisce la situazione. Ogni tanto qualcuno dice &#8216;ma voi parlavate di percezione e non di realt\u00e0&#8217;, ma non \u00e8 mai stato cos\u00ec, nessuno ha mai parlato di percezione. Un problema c&#8217;\u00e8 e non solo a Milano, c&#8217;\u00e8 nel nostro mondo e c&#8217;\u00e8 nel nostro Paese\u201d, ha dichiarato Beppe Sala, sindaco di Milano, che per\u00f2 in passato aveva un\u2019idea diversa, nonostante abbia sempre provato a usare il sistema del \u201cmal comune mezzo gaudio\u201d.<\/p>\n<p>\u201cA parti invertite oggi il centrodestra darebbe la colpa agli avversari politici di ogni episodio, ma io non lo far\u00f2. Per\u00f2 \u00e8 un fatto che si moltiplicano aggressioni, rapine, borseggi e i cittadini si sentono sempre pi\u00f9 insicuri anche nelle stazioni e nei centri urbani, non solo nei quartieri pi\u00f9 decentrati. Eppure era la premier a garantire di avere la bacchetta magica sulla sicurezza ed \u00e8 sotto gli occhi di tutti il fallimento\u201d, ha commentato il presidente del M5s <strong>Giuseppe Conte<\/strong>. Eppure, questa opposizione di cui fa parte il partito pentastellato, \u00e8 la stessa che a livello locale non permette l\u2019uso dei taser per la polizia locale, \u00e8 la stessa che quando si propongono i metal detector fa le barricate ed \u00e8 la stessa che quando si eseguono operazioni di controllo sul territorio grida alla repressione. \u201cNon possiamo continuare ad assistere impotenti a scene di degrado, violenza e criminalit\u00e0, purtroppo sempre pi\u00f9 frequenti.\n<\/p>\n<p> Serve un cambio di passo immediato sul fronte della sicurezza, con pi\u00f9 controlli, maggiore presenza delle forze dell&#8217;ordine e tolleranza zero verso i delinquenti. Milano merita di tornare ad essere una citt\u00e0 sicura, vivibile e governata con seriet\u00e0\u201d, ha dichiarato Alessandro Sorte, deputato di Forza Italia e segretario regionale della Lombardia.<\/p>\n","protected":false},"excerpt":{"rendered":"L\u2019ultimo omicidio di Milano apre nuovi scenari e discussioni sulla sicurezza, che emergono soprattutto a fronte dell\u2019incoerenza della&hellip;\n","protected":false},"author":3,"featured_media":511702,"comment_status":"","ping_status":"","sticky":false,"template":"","format":"standard","meta":{"footnotes":"","_share_on_mastodon":"0"},"categories":[79],"tags":[46486,1681,14,93,94,1537,90,89,7,15,11,84,91,12,85,92],"class_list":["post-511701","post","type-post","status-publish","format-standard","has-post-thumbnail","category-italia","tag-allarme-sicurezza","tag-baby-gang","tag-cronaca","tag-cronaca-italiana","tag-cronacaitaliana","tag-it","tag-italia","tag-italy","tag-news","tag-notizie","tag-ultime-notizie","tag-ultime-notizie-e-news-di-oggi","tag-ultime-notizie-italia","tag-ultimenotizie","tag-ultimenotizieenewsdioggi","tag-ultimenotizieitalia"],"share_on_mastodon":{"url":"https:\/\/pubeurope.com\/@it\/116650012033119839","error":""},"_links":{"self":[{"href":"https:\/\/www.europesays.com\/it\/wp-json\/wp\/v2\/posts\/511701","targetHints":{"allow":["GET"]}}],"collection":[{"href":"https:\/\/www.europesays.com\/it\/wp-json\/wp\/v2\/posts"}],"about":[{"href":"https:\/\/www.europesays.com\/it\/wp-json\/wp\/v2\/types\/post"}],"author":[{"embeddable":true,"href":"https:\/\/www.europesays.com\/it\/wp-json\/wp\/v2\/users\/3"}],"replies":[{"embeddable":true,"href":"https:\/\/www.europesays.com\/it\/wp-json\/wp\/v2\/comments?post=511701"}],"version-history":[{"count":0,"href":"https:\/\/www.europesays.com\/it\/wp-json\/wp\/v2\/posts\/511701\/revisions"}],"wp:featuredmedia":[{"embeddable":true,"href":"https:\/\/www.europesays.com\/it\/wp-json\/wp\/v2\/media\/511702"}],"wp:attachment":[{"href":"https:\/\/www.europesays.com\/it\/wp-json\/wp\/v2\/media?parent=511701"}],"wp:term":[{"taxonomy":"category","embeddable":true,"href":"https:\/\/www.europesays.com\/it\/wp-json\/wp\/v2\/categories?post=511701"},{"taxonomy":"post_tag","embeddable":true,"href":"https:\/\/www.europesays.com\/it\/wp-json\/wp\/v2\/tags?post=511701"}],"curies":[{"name":"wp","href":"https:\/\/api.w.org\/{rel}","templated":true}]}}