{"id":511726,"date":"2026-05-28T03:38:24","date_gmt":"2026-05-28T03:38:24","guid":{"rendered":"https:\/\/www.europesays.com\/it\/511726\/"},"modified":"2026-05-28T03:38:24","modified_gmt":"2026-05-28T03:38:24","slug":"atalanta-ederson-sempre-piu-vicino-al-manchester-united-le-cifre","status":"publish","type":"post","link":"https:\/\/www.europesays.com\/it\/511726\/","title":{"rendered":"Atalanta, Ederson sempre pi\u00f9 vicino al Manchester United: le cifre"},"content":{"rendered":"<p>                                Il centrocampista brasiliano, in scadenza con la Dea a giugno 2027, lascerebbe il club nerazzurro dopo quattro anni da protagonista<\/p>\n<p class=\"paragraph\" spellcheck=\"true\">Per individuare e scegliere il sostituto di Casemiro, il Manchester United ci ha messo pochissimo. La trattativa con l&#8217;Atalanta per portare Ederson in Inghilterra procede spedita e le parti sono sempre pi\u00f9 vicine a un accordo. Anche se l&#8217;affare non \u00e8 ancora chiuso, i Red Devils hanno trovato un accordo di base sia con il giocatore che con il club bergamasco, con il quale mancano per\u00f2 da definire gli ultimi step della trattativa. Il classe 1999 \u00e8 un giocatore importante, la cifra lo \u00e8 altrettanto: l&#8217;affare potrebbe chiudersi intorno ai 45 milioni di euro pi\u00f9 bonus, questi ultimi ancora da definire. Nell&#8217;estate 2022, l&#8217;Atalanta lo aveva portato a Bergamo dalla Salernitana per poco pi\u00f9 di 20 milioni di euro.<\/p>\n<p>        i numeri\u2014 \u00a0<\/p>\n<p class=\"paragraph\" spellcheck=\"true\">Ederson, a un anno dalla scadenza del contratto (30 giugno 2027), \u00e8 vicino a lasciare la Dea dopo 4 stagioni: 180 presenze tra tutte le competizioni, 16 gol, 6 assist e un&#8217;Europa League nel palmar\u00e8s, vinta e vissuta da assoluto protagonista. Prestazioni che gli hanno anche regalato l&#8217;esordio con la nazionale brasiliana, arrivato nell&#8217;estate del 2024 in un&#8217;amichevole contro il Messico.<\/p>\n","protected":false},"excerpt":{"rendered":"Il centrocampista brasiliano, in scadenza con la Dea a giugno 2027, lascerebbe il club nerazzurro dopo quattro anni&hellip;\n","protected":false},"author":3,"featured_media":511727,"comment_status":"","ping_status":"","sticky":false,"template":"","format":"standard","meta":{"footnotes":"","_share_on_mastodon":"0"},"categories":[6],"tags":[579,735,569,554,14,16372,2583,24349,1533,724,564,1148,8,1537,90,89,5364,7,15,82,9,83,10,13,11,80,84,12,81,85],"class_list":["post-511726","post","type-post","status-publish","format-standard","has-post-thumbnail","category-ultime-notizie","tag-accordo","tag-affare","tag-atalanta","tag-club","tag-cronaca","tag-dea","tag-definire","tag-ederson","tag-estate","tag-euro","tag-giocatore","tag-giugno","tag-headlines","tag-it","tag-italia","tag-italy","tag-manchester","tag-news","tag-notizie","tag-notizie-di-cronaca","tag-notizie-principali","tag-notiziedicronaca","tag-notizieprincipali","tag-titoli","tag-ultime-notizie","tag-ultime-notizie-di-cronaca","tag-ultime-notizie-e-news-di-oggi","tag-ultimenotizie","tag-ultimenotiziedicronaca","tag-ultimenotizieenewsdioggi"],"share_on_mastodon":{"url":"https:\/\/pubeurope.com\/@it\/116650122007257247","error":""},"_links":{"self":[{"href":"https:\/\/www.europesays.com\/it\/wp-json\/wp\/v2\/posts\/511726","targetHints":{"allow":["GET"]}}],"collection":[{"href":"https:\/\/www.europesays.com\/it\/wp-json\/wp\/v2\/posts"}],"about":[{"href":"https:\/\/www.europesays.com\/it\/wp-json\/wp\/v2\/types\/post"}],"author":[{"embeddable":true,"href":"https:\/\/www.europesays.com\/it\/wp-json\/wp\/v2\/users\/3"}],"replies":[{"embeddable":true,"href":"https:\/\/www.europesays.com\/it\/wp-json\/wp\/v2\/comments?post=511726"}],"version-history":[{"count":0,"href":"https:\/\/www.europesays.com\/it\/wp-json\/wp\/v2\/posts\/511726\/revisions"}],"wp:featuredmedia":[{"embeddable":true,"href":"https:\/\/www.europesays.com\/it\/wp-json\/wp\/v2\/media\/511727"}],"wp:attachment":[{"href":"https:\/\/www.europesays.com\/it\/wp-json\/wp\/v2\/media?parent=511726"}],"wp:term":[{"taxonomy":"category","embeddable":true,"href":"https:\/\/www.europesays.com\/it\/wp-json\/wp\/v2\/categories?post=511726"},{"taxonomy":"post_tag","embeddable":true,"href":"https:\/\/www.europesays.com\/it\/wp-json\/wp\/v2\/tags?post=511726"}],"curies":[{"name":"wp","href":"https:\/\/api.w.org\/{rel}","templated":true}]}}