{"id":511789,"date":"2026-05-28T04:58:13","date_gmt":"2026-05-28T04:58:13","guid":{"rendered":"https:\/\/www.europesays.com\/it\/511789\/"},"modified":"2026-05-28T04:58:13","modified_gmt":"2026-05-28T04:58:13","slug":"un-governo-di-scappati-di-casa-bufera-su-monologo-e-locandina-di-scanzi-il-comune-di-thiene-toglie-il-patrocinio","status":"publish","type":"post","link":"https:\/\/www.europesays.com\/it\/511789\/","title":{"rendered":"\u00abUn governo di scappati di casa\u00bb: bufera su monologo (e locandina) di Scanzi. Il Comune di Thiene toglie il patrocinio"},"content":{"rendered":"<p>    di<br \/>\n    Roberta Merlin<\/p>\n<p class=\"summary-art is-line-h-12\">Il giornalista porta a teatro il monologo \u00abLa Sciagura-Cronaca di un governo di scappati di casa\u00bb. Insorge Fratelli d&#8217;Italia: toni denigratori. Il sindaco in quota Pd: \u00abNon ci avevano mandato la locandina definitiva\u00bb<\/p>\n<p class=\"chapter-paragraph\">Doveva essere semplicemente l\u2019annuncio di uno <b>spettacolo teatrale<\/b> del giornalista <a href=\"https:\/\/corrieredelveneto.corriere.it\/notizie\/treviso\/cronaca\/26_aprile_04\/offesa-social-ad-andrea-scanzi-il-giornalista-chiede-2-500-euro-di-danni-all-autore-del-commento-84a344b2-0278-4dc8-9a7e-1f252697axlk.shtml\" rel=\"nofollow noopener\" target=\"_blank\">Andrea Scanzi<\/a> al Teatro Comunale di Thiene, nel Vicentino. E invece, nel giro di poche ore, si \u00e8 trasformato in una perfetta scena di commedia all\u2019italiana  con i <b>manifesti \u00abritoccati\u00bb a mano dal Comune<\/b> con un pennarello nero per <b>cancellare il logo istituzionale<\/b>. Il protagonista involontario della vicenda \u00e8 <b>\u00abLa Sciagura\u00bb, il monologo<\/b> che Scanzi porter\u00e0 in scena a Thiene il 29 maggio. A far esplodere il caso \u00e8 il sottotitolo dello spettacolo: \u00ab<b>Cronaca di un governo di scappati di casa\u00bb<\/b>, riferimento diretto all\u2019esecutivo guidato da <b>Giorgia Meloni<\/b>. Quando per\u00f2 sui manifesti compare anche il <b>patrocinio della Citt\u00e0 di Thiene,<\/b> <b>Fratelli d\u2019Italia insorge<\/b> immediatamente. A guidare la protesta \u00e8 la <b>consigliera <\/b>comunale Giulia Scanavin, che definisce quanto accaduto \u00abgrave e preoccupante\u00bb.<\/p>\n<p>    \u00abToni denigratori del governo\u00bb<\/p>\n<p class=\"chapter-paragraph\">\u00abIl Comune di Thiene non pu\u00f2 concedere il proprio patrocinio, cio\u00e8 il simbolo dell\u2019intera citt\u00e0, a una locandina che promuove uno spettacolo con <b>toni chiaramente denigratori nei confronti del governo<\/b> nazionale e del presidente del Consiglio Giorgia Meloni. Quanto accaduto \u00e8 grave e chiama direttamente in causa la <b>responsabilit\u00e0 politica e istituzionale<\/b> dell\u2019amministrazione comunale\u00bb, afferma Scanavin. Per la consigliera il problema non \u00e8 la libert\u00e0 artistica o la satira in s\u00e9, ma il fatto che un\u2019istituzione pubblica finisca per <b>legittimare un certo linguaggio politico<\/b>. \u00abIl titolo &#8220;La Sciagura&#8221; e la definizione di &#8220;governo di scappati di casa&#8221; rendono evidente la natura <b>politica, polemica e offensiva <\/b>della comunicazione scelta per promuovere lo spettacolo. Nessuno mette in discussione la libert\u00e0 di opinione, la libert\u00e0 artistica o la satira: ciascuno \u00e8 libero di criticare il governo, anche duramente. Ma \u00e8 inaccettabile che un Comune apponga il proprio patrocinio su un\u2019iniziativa presentata con questi toni\u00bb.    &#13;<br \/>\n&#13;<br \/>\n&#13;<br \/>\n&#13;<br \/>\n&#13;<br \/>\n&#13;<br \/>\n&#13;<br \/>\n&#13;<br \/>\n&#13;<br \/>\n&#13;<br \/>\n&#13;<br \/>\n&#13;<br \/>\n&#13;<br \/>\n&#13;<br \/>\n&#13;<br \/>\n&#13;<br \/>\n&#13;<br \/>\n&#13;<br \/>\n&#13;<br \/>\n&#13;<br \/>\n&#13;<br \/>\n&#13;<br \/>\n&#13;<br \/>\n&#13;<br \/>\n&#13;<br \/>\n&#13;<br \/>\n&#13;<br \/>\n&#13;<br \/>\n&#13;<br \/>\n&#13;<br \/>\n&#13;<br \/>\n&#13;<br \/>\n&#13;<br \/>\n&#13;<br \/>\n&#13;<br \/>\n&#13;<br \/>\n&#13;<br \/>\n&#13;<br \/>\n&#13;<br \/>\n&#13;<br \/>\n&#13;<br \/>\n&#13;<br \/>\n&#13;<br \/>\n&#13;<br \/>\n&#13;<br \/>\n&#13;<br \/>\n&#13;<br \/>\n&#13;<br \/>\n&#13;<br \/>\n&#13;<br \/>\n&#13;<br \/>\n&#13;<br \/>\n&#13;\n<\/p>\n<p>APPROFONDISCI CON IL PODCAST<\/p>\n<p>    L&#8217;ira di Fratelli d&#8217;Italia<\/p>\n<p class=\"chapter-paragraph\">Dietro la presa di posizione di Fratelli d\u2019Italia c\u2019\u00e8 anche una riflessione sul linguaggio pubblico e sul clima culturale. \u00abIl patrocinio comunale non \u00e8 un dettaglio grafico n\u00e9 un atto neutro &#8211; continua Scanavin &#8211; <b>\u00e8 il simbolo dell\u2019istituzione e di tutti i cittadini <\/b>di Thiene. Anche di quei cittadini che hanno votato centrodestra, che hanno scelto di dare fiducia a Giorgia Meloni e che oggi vedono il nome della propria citt\u00e0 associato a una<b> comunicazione apertamente schierata contro il governo\u00bb<\/b>. Nel frattempo la vicenda arriva anche ai vertici provinciali di Fratelli d\u2019Italia. A intervenire  il deputato vicentino <b>Silvio Giovine<\/b>. \u00abIl sindaco Michelusi &#8211; attacca &#8211;  \u00e8 arrivato a concedere il patrocinio comunale, garantendo dunque un riconoscimento simbolico, valoriale e morale a nome di tutta la comunit\u00e0 thienese, ad uno \u2018spettacolo\u2019 di <b>insulti <\/b>ad un g<b>overno <\/b>democraticamente eletto\u00bb.<\/p>\n<p>    Il sindaco: non avevamo ricevuto la locandina<\/p>\n<p class=\"chapter-paragraph\">Il sindaco Giampi Michelusi  spegne per\u00f2  rapidamente l\u2019incendio politico scoppiato  intorno alla vicenda. Secondo il Comune, infatti, nella richiesta iniziale di patrocinio <b>il famoso sottotitolo non compariva<\/b> e gli uffici non avevano ricevuto la bozza definitiva della locandina. Il <b>patrocinio <\/b>all\u2019evento con protagonista Scanzi \u00e8 stato dunque subito  <b>revocato <\/b>con l\u2019ordine immediato di <b>rimuovere il logo<\/b> del Comune dai manifesti gi\u00e0 affissi. In paese sarebbe subito dopo partita la corsa dell\u2019amministrazione a <b>\u00abripassare\u00bb a mano col pennarello nero le locandine <\/b>gi\u00e0 affisse per coprire il simbolo comunale.<\/p>\n<p>    Scanzi:\u00a0\u00abQualcuno non sa che nel testo critico Meloni?\u00bb<\/p>\n<p class=\"chapter-paragraph\">Nel frattempo anche <b>Andrea Scanzi \u00e8 intervenuto <\/b>sul caso dalle colonne del Fatto Quotidiano, ironizzando sulla polemica esplosa attorno al suo spettacolo. \u00abDavvero il sindaco scopre pochi giorni prima della messa in scena il contenuto de \u2018La Sciagura\u2019? <b>C\u2019\u00e8 ancora qualcuno che non sa che il mio testo critica il governo<\/b> Meloni?\u00bb, ha commentato il giornalista, definendo \u00abfolle\u00bb la polemica nata sul sottotitolo dello spettacolo e sostenendo che \u00abnon c\u2019\u00e8 alcuna diffamazione\u00bb. Stupito di tanto clamore anche Alberto Parisotto, <b>organizzatore della rassegna<\/b>. \u00abIl patrocinio era stato concesso allo spettacolo \u2018La Sciagura\u2019. Che poi la produzione abbia aggiunto il sottotitolo \u2018Cronaca di un governo di scappati di casa\u2019 non mi sembra offensivo\u00bb, spiega Parisotto. L\u2019organizzatore ricorda inoltre che Thiene conosce gi\u00e0 molto bene sia Scanzi sia questo spettacolo: \u00abScanzi \u00e8 gi\u00e0 venuto a Thiene con sold-out con grande partecipazione e calore di pubblico. <b>Con lo stesso titolo<\/b>, tra l\u2019altro (e anche pubblicazione di un libro). Di conseguenza, la polemica \u00e8 pretestuosa\u00bb. E aggiunge: \u00abLa satira \u00e8 un arricchimento per il Paese, non qualcosa da censurare\u00bb.<\/p>\n<p class=\"is-mr-t-20 is-mr-b-20\"><b><br \/>\n                                    <a href=\"https:\/\/corrieredelveneto.corriere.it\/vicenza\/?intcmp=Notizielocali_nd_010623_corriere_ss_vicenza\" target=\"_blank\" rel=\"nofollow noopener\">Vai a tutte le notizie di Vicenza<\/a><br \/>\n                        <\/b><\/p>\n<p class=\"chapter-paragraph\"><b><a href=\"https:\/\/www.corriere.it\/newsletter\/?theme=39&amp;intcmp=NL-artic_nd_060624_corriere_ss_veneto\" target=\"_blank\" rel=\"nofollow noopener\">Iscriviti alla newsletter del Corriere del Veneto<\/a><\/b><\/p>\n<p class=\"is-last-update\" datetime=\"2026-05-27T17:18:50+02:00\">27 maggio 2026 ( modifica il 27 maggio 2026 | 17:18)<\/p>\n<p class=\"is-copyright\">\n            \u00a9 RIPRODUZIONE RISERVATA\n        <\/p>\n","protected":false},"excerpt":{"rendered":"di Roberta Merlin Il giornalista porta a teatro il monologo \u00abLa Sciagura-Cronaca di un governo di scappati di&hellip;\n","protected":false},"author":3,"featured_media":511790,"comment_status":"","ping_status":"","sticky":false,"template":"","format":"standard","meta":{"footnotes":"","_share_on_mastodon":"0"},"categories":[79],"tags":[500,283161,31,2700,223726,10457,283162,1064,446,393,283163,11693,22115,283164,8281,14,93,283159,94,7406,267598,322,323,125,126,4348,830,283165,50205,5431,1537,90,89,2451,283166,283167,26842,33073,13578,58,40479,7,15,255328,3968,2740,283160,242775,31780,2986,283157,20333,19,283158,214,141334,24416,11,84,91,12,85,92,2786],"class_list":["post-511789","post","type-post","status-publish","format-standard","has-post-thumbnail","category-italia","tag-accaduto","tag-accaduto-grave","tag-amministrazione","tag-andrea","tag-andrea-scanzi","tag-artistica","tag-artistica-satira","tag-cittadini","tag-comunale","tag-comune","tag-comune-thiene","tag-comunicazione","tag-concedere","tag-concedere-patrocinio","tag-consigliera","tag-cronaca","tag-cronaca-italiana","tag-cronaca-scappati","tag-cronacaitaliana","tag-definitiva","tag-denigratori","tag-fratelli","tag-fratelli-italia","tag-giorgia","tag-giorgia-meloni","tag-giornalista","tag-grave","tag-insorge","tag-istituzionale","tag-istituzione","tag-it","tag-italia","tag-italy","tag-liberta","tag-liberta-artistica","tag-liberta-artistica-satira","tag-linguaggio","tag-locandina","tag-manifesti","tag-meloni","tag-monologo","tag-news","tag-notizie","tag-patrocinio","tag-polemica","tag-satira","tag-scanavin","tag-scanzi","tag-scappati","tag-scena","tag-sciagura","tag-simbolo","tag-sindaco","tag-sottotitolo","tag-spettacolo","tag-thiene","tag-toni","tag-ultime-notizie","tag-ultime-notizie-e-news-di-oggi","tag-ultime-notizie-italia","tag-ultimenotizie","tag-ultimenotizieenewsdioggi","tag-ultimenotizieitalia","tag-vicenda"],"share_on_mastodon":{"url":"","error":"Validation failed: Text character limit of 500 exceeded"},"_links":{"self":[{"href":"https:\/\/www.europesays.com\/it\/wp-json\/wp\/v2\/posts\/511789","targetHints":{"allow":["GET"]}}],"collection":[{"href":"https:\/\/www.europesays.com\/it\/wp-json\/wp\/v2\/posts"}],"about":[{"href":"https:\/\/www.europesays.com\/it\/wp-json\/wp\/v2\/types\/post"}],"author":[{"embeddable":true,"href":"https:\/\/www.europesays.com\/it\/wp-json\/wp\/v2\/users\/3"}],"replies":[{"embeddable":true,"href":"https:\/\/www.europesays.com\/it\/wp-json\/wp\/v2\/comments?post=511789"}],"version-history":[{"count":0,"href":"https:\/\/www.europesays.com\/it\/wp-json\/wp\/v2\/posts\/511789\/revisions"}],"wp:featuredmedia":[{"embeddable":true,"href":"https:\/\/www.europesays.com\/it\/wp-json\/wp\/v2\/media\/511790"}],"wp:attachment":[{"href":"https:\/\/www.europesays.com\/it\/wp-json\/wp\/v2\/media?parent=511789"}],"wp:term":[{"taxonomy":"category","embeddable":true,"href":"https:\/\/www.europesays.com\/it\/wp-json\/wp\/v2\/categories?post=511789"},{"taxonomy":"post_tag","embeddable":true,"href":"https:\/\/www.europesays.com\/it\/wp-json\/wp\/v2\/tags?post=511789"}],"curies":[{"name":"wp","href":"https:\/\/api.w.org\/{rel}","templated":true}]}}