{"id":512230,"date":"2026-05-28T11:20:17","date_gmt":"2026-05-28T11:20:17","guid":{"rendered":"https:\/\/www.europesays.com\/it\/512230\/"},"modified":"2026-05-28T11:20:17","modified_gmt":"2026-05-28T11:20:17","slug":"cavalieri-del-lavoro-2026-i-25-imprenditori-e-manager-nominati-da-mattarella-dai-patron-di-ponti-e-orogel-a-enervit-e-sabelt-chi-sono","status":"publish","type":"post","link":"https:\/\/www.europesays.com\/it\/512230\/","title":{"rendered":"Cavalieri del lavoro 2026, i 25 imprenditori e manager nominati da Mattarella: dai patron di Ponti e Orogel a Enervit e Sabelt, chi sono"},"content":{"rendered":"<p>    di<br \/>\n    Redazione Economia<\/p>\n<p class=\"summary-art is-line-h-12 is-mr-t-20\">L\u2019elenco dei nuovi Cavalieri insigniti dal presidente: industriali e imprenditori dell&#8217;alimentare (dall&#8217;aceto al vino al Limoncello)<\/p>\n<p class=\"chapter-paragraph\">Il presidente della Repubblica, Sergio Mattarella, <b>ha firmato i decreti con i quali, su proposta del Ministro delle Imprese e del Made in Italy Adolfo Urso<\/b>, di concerto con il Ministro dell&#8217;Agricoltura, della Sovranit\u00e0 alimentare e delle Foreste,  Francesco Lollobrigida, sono stati nominati 25 Cavalieri del Lavoro.\u00a0<\/p>\n<p>    L&#8217;elenco completo degli insigniti<\/p>\n<p class=\"chapter-paragraph\"><b>Andronaco Vincenzo<\/b> &#8211; Terziario Commercio prodotti alimentari &#8211; Estero <b>Coin Roberto<\/b> &#8211; Artigianato Orafo &#8211; Veneto\u00a0<br \/><b>Cvetic Marina<\/b> &#8211; Agricoltura Vitivinicola &#8211; Abruzzo\u00a0<br \/><b>Da Ros Katia<\/b> &#8211; Industria Prodotti refrigeranti &#8211; Veneto\u00a0<br \/><b>D&#8217;Amico Sabato<\/b> &#8211; Industria Produzione alimentare &#8211; Campania\u00a0<br \/><b>Delladio Lorenzo<\/b> &#8211; Industria Abbigliamento sportivo &#8211; Trentino Alto Adige <b>Dogliani Matterino<\/b> &#8211; Industria Costruzione infrastrutture &#8211; Piemonte <b>Fontana Giuseppe <\/b>&#8211; Industria Metalmeccanica &#8211; Lombardia\u00a0<br \/><b>Fontana Sergio<\/b> &#8211; Industria Farmaceutica e cosmetica &#8211; Puglia\u00a0<br \/><b>Girondi Giorgio<\/b> &#8211; Industria Tecnologie di filtrazione &#8211; Veneto\u00a0<br \/><b>Gozzi Antonio<\/b> &#8211; Industria Siderurgica &#8211; Liguria\u00a0<br \/><b>Gritti Gioconda<\/b> &#8211; Terziario Ristorazione &#8211; Lombardia\u00a0<br \/><b>Ibba Giangiacomo<\/b> &#8211; Terziario Grande distribuzione &#8211; Sardegna\u00a0<br \/><b>Invernizzi Ambrogio<\/b> &#8211; Agricoltura Produzione lattiero  casearia &#8211; Piemonte <b>Lastrucci Carlo<\/b> &#8211; Industria Elettronica &#8211; Toscana\u00a0<br \/><b>Marsiaj Giorgio<\/b> &#8211; Industria Componenti auto e spazio &#8211; Piemonte\u00a0<br \/><b>Moro Elisabetta<\/b> &#8211; Industria Macchine dosatura &#8211; Veneto\u00a0<br \/><b>Negro Giancarlo<\/b> &#8211; Terziario Servizi informatici &#8211; Puglia\u00a0<br \/><b>Pallini Micaela<\/b> &#8211; Industria Distilleria &#8211; Lazio\u00a0<br \/><b>Piraccini Bruno<\/b> &#8211; Industria Ortofrutta &#8211; Emilia Romagna\u00a0<br \/><b>Ponti Giacomo<\/b> &#8211; Industria Alimentare &#8211; Piemonte\u00a0<br \/><b>Sorbini Alberto<\/b> &#8211; Industria Produzione integratori alimentari &#8211; Lombardia <b>Trombetti Marco<\/b> &#8211; Terziario Informatica &#8211; Lazio\u00a0<br \/><b>Vitale Giuseppa<\/b> &#8211; Terziario Commercio al dettaglio alimentare &#8211; Sicilia <b>Zucchi Patrizia<\/b> &#8211; Industria Distribuzione energia &#8211; Emilia Romagna    &#13;<br \/>\n&#13;<br \/>\n&#13;<br \/>\n&#13;<br \/>\n&#13;<br \/>\n&#13;<br \/>\n&#13;<br \/>\n&#13;<br \/>\n&#13;<br \/>\n&#13;<br \/>\n&#13;<br \/>\n&#13;<br \/>\n&#13;<br \/>\n&#13;<br \/>\n&#13;<br \/>\n&#13;<br \/>\n&#13;<br \/>\n&#13;<br \/>\n&#13;<br \/>\n&#13;<br \/>\n&#13;<br \/>\n&#13;<br \/>\n&#13;<br \/>\n&#13;<br \/>\n&#13;<br \/>\n&#13;<br \/>\n&#13;<br \/>\n&#13;<br \/>\n&#13;<br \/>\n&#13;<br \/>\n&#13;<br \/>\n&#13;<br \/>\n&#13;<br \/>\n&#13;<br \/>\n&#13;<br \/>\n&#13;<br \/>\n&#13;<br \/>\n&#13;<br \/>\n&#13;<br \/>\n&#13;<br \/>\n&#13;<br \/>\n&#13;<br \/>\n&#13;<br \/>\n&#13;<br \/>\n&#13;<br \/>\n&#13;<br \/>\n&#13;<br \/>\n&#13;<br \/>\n&#13;<br \/>\n&#13;<br \/>\n&#13;<br \/>\n&#13;<br \/>\n&#13;\n<\/p>\n<p>    Il profilo di Piraccini<\/p>\n<p class=\"chapter-paragraph\">Piraccini, classe 1944 da Forl\u00ec-Cesena, <b>\u00e8 cofondatore e presidente di Orogel, societ\u00e0 cooperativa agricola nata a Cesena nel 1967<\/b> su iniziativa di un primo nucleo di 11 agricoltori e oggi tra i principali produttori in Italia di vegetali freschi e surgelati. <b>Sotto la sua guida Orogel ha sviluppato un modello integrato di filiera agricola e trasformazione industriale. <\/b>Oggi il Gruppo riunisce cinque cooperative e 1.675 soci agricoli. Coltiva circa 9.500 ettari e opera con tre stabilimenti produttivi tra Cesena, Policoro e Ficarolo, cinque magazzini e 14 centri di ritiro.<\/p>\n<p>    Il profilo di Zucchi<\/p>\n<p class=\"chapter-paragraph\">Zucchi, classe 1962 da Parma, \u00e8 presidente e amministratore delegato di Socogas, <b>gruppo fondato dal padre nel 1967 attivo nel settore dell&#8217;approvvigionamento, distribuzione e vendita di GPL, energia elettrica e carburanti, per privati e imprese.<\/b> Sotto la sua guida l&#8217;azienda \u00e8 entrata nel settore della produzione energetica da fonti rinnovabili con l&#8217;acquisizione di un impianto di biometano, dalla capacit\u00e0 produttiva di oltre 3,5 milioni di metri cubi l&#8217;anno. Opera con cinque sedi, di cui la principale a Fidenza, uno stabilimento energetico, 13 depositi e 72 stazioni di servizio a marchio proprio.<\/p>\n<p class=\"chapter-paragraph\">Tra i Cavalieri del lavoro c&#8217;\u00e8 la siciliana di Palermo Giuseppa Vitale, 62 anni, amministratrice delegata di Prezzemolo &amp; Vitale, azienda da lei fondata nel 1986 insieme al marito come piccola bottega alimentare a Palermo e oggi attiva nella distribuzione e nella gastronomia di alta qualit\u00e0, con dieci punti vendita a Palermo e sei a Londra. Dopo un&#8217;esperienza decennale nella selezione di specialit\u00e0 gastronomiche italiane, nel 1996 ha trasformato il minimarket di famiglia nel primo food store \u00abPrezzemolo &amp; Vitale\u00bb, caratterizzato dall&#8217;integrazione tra prodotti freschi e specialit\u00e0 territoriali.<\/p>\n<p><a class=\"chiedi-esperto-box\" href=\"https:\/\/www.corriere.it\/economia\/chiedi-esperto\/fai-una-domanda\/\" rel=\"nofollow noopener\" target=\"_blank\"><img decoding=\"async\" src=\"https:\/\/www.europesays.com\/it\/wp-content\/uploads\/2026\/02\/box_esperto_dsk.png\" alt=\"Chiedi agli esperti\"\/><\/a><\/p>\n<p class=\"is-last-update\" datetime=\"2026-05-28T13:17:39+02:00\">28 maggio 2026 ( modifica il 28 maggio 2026 | 13:17)<\/p>\n<p class=\"is-copyright\">\n            \u00a9 RIPRODUZIONE RISERVATA\n        <\/p>\n","protected":false},"excerpt":{"rendered":"di Redazione Economia L\u2019elenco dei nuovi Cavalieri insigniti dal presidente: industriali e imprenditori dell&#8217;alimentare (dall&#8217;aceto al vino al&hellip;\n","protected":false},"author":3,"featured_media":512231,"comment_status":"","ping_status":"","sticky":false,"template":"","format":"standard","meta":{"footnotes":"","_share_on_mastodon":"0"},"categories":[79],"tags":[56811,9865,9281,8660,5189,9120,631,3155,3707,14,93,94,940,3763,7109,16213,3566,53013,7824,283384,3453,4942,3709,3738,283385,283386,1537,90,89,5188,5762,20322,7,283387,15,1573,283382,2059,283383,19515,135,3708,3741,125822,11,84,91,12,85,92,108,206648],"class_list":["post-512230","post","type-post","status-publish","format-standard","has-post-thumbnail","category-italia","tag-agricola","tag-agricoltura","tag-alimentare","tag-alimentari","tag-cavalieri","tag-cesena","tag-cinque","tag-classe","tag-commercio","tag-cronaca","tag-cronaca-italiana","tag-cronacaitaliana","tag-distribuzione","tag-elenco","tag-emilia","tag-emilia-romagna","tag-energia","tag-fontana","tag-giorgio","tag-giorgio-industria","tag-guida","tag-imprenditori","tag-imprese","tag-industria","tag-industria-produzione","tag-insigniti","tag-it","tag-italia","tag-italy","tag-lazio","tag-lombardia","tag-mattarella","tag-news","tag-nominati","tag-notizie","tag-opera","tag-orogel","tag-piemonte","tag-piraccini","tag-ponti","tag-presidente","tag-prodotti","tag-produzione","tag-terziario","tag-ultime-notizie","tag-ultime-notizie-e-news-di-oggi","tag-ultime-notizie-italia","tag-ultimenotizie","tag-ultimenotizieenewsdioggi","tag-ultimenotizieitalia","tag-veneto","tag-zucchi"],"share_on_mastodon":{"url":"","error":"Validation failed: Text character limit of 500 exceeded"},"_links":{"self":[{"href":"https:\/\/www.europesays.com\/it\/wp-json\/wp\/v2\/posts\/512230","targetHints":{"allow":["GET"]}}],"collection":[{"href":"https:\/\/www.europesays.com\/it\/wp-json\/wp\/v2\/posts"}],"about":[{"href":"https:\/\/www.europesays.com\/it\/wp-json\/wp\/v2\/types\/post"}],"author":[{"embeddable":true,"href":"https:\/\/www.europesays.com\/it\/wp-json\/wp\/v2\/users\/3"}],"replies":[{"embeddable":true,"href":"https:\/\/www.europesays.com\/it\/wp-json\/wp\/v2\/comments?post=512230"}],"version-history":[{"count":0,"href":"https:\/\/www.europesays.com\/it\/wp-json\/wp\/v2\/posts\/512230\/revisions"}],"wp:featuredmedia":[{"embeddable":true,"href":"https:\/\/www.europesays.com\/it\/wp-json\/wp\/v2\/media\/512231"}],"wp:attachment":[{"href":"https:\/\/www.europesays.com\/it\/wp-json\/wp\/v2\/media?parent=512230"}],"wp:term":[{"taxonomy":"category","embeddable":true,"href":"https:\/\/www.europesays.com\/it\/wp-json\/wp\/v2\/categories?post=512230"},{"taxonomy":"post_tag","embeddable":true,"href":"https:\/\/www.europesays.com\/it\/wp-json\/wp\/v2\/tags?post=512230"}],"curies":[{"name":"wp","href":"https:\/\/api.w.org\/{rel}","templated":true}]}}