{"id":512298,"date":"2026-05-28T12:15:15","date_gmt":"2026-05-28T12:15:15","guid":{"rendered":"https:\/\/www.europesays.com\/it\/512298\/"},"modified":"2026-05-28T12:15:15","modified_gmt":"2026-05-28T12:15:15","slug":"motogp-ducati-sogna-al-mugello-ritorna-marc-marquez","status":"publish","type":"post","link":"https:\/\/www.europesays.com\/it\/512298\/","title":{"rendered":"MotoGP, Ducati sogna: al Mugello ritorna Marc Marquez"},"content":{"rendered":"<p>La stagione del campione in carica della MotoGP \u00e8 iniziata con un ritiro nel GP della Thailandia. In Brasile ha ottenuto sin qui il miglior risultato del 2026, finendo ai piedi del podio, mentre ad Austin \u00e8 giunto quinto, dopo un grave errore nella SR.<\/p>\n<p>Dopo tre zeri di fila <strong>Marc Marquez<\/strong>, fermo in classifica a <strong>57 punti<\/strong>, non poteva consentirsi una pausa ulteriore dalle battaglie della pista e si \u00e8 fatto trovare pronto per l\u2019appuntamento del Mugello.<\/p>\n<p>A seguito del doppio intervento a spalla e piede destro, sono bastate due settimane di recupero per riabilitare il fuoriclasse di Cervera in sella a una Ducati. <strong>Marc Marquez<\/strong> ha ricevuto il via libera dai propri medici e nella giornata odierna ha ottenuto anche l\u2019approvazione da parte del personale medico della serie. In una delle sfide pi\u00f9 emozionanti dell\u2019anno, la Casa di Borgo Panigale potr\u00e0 contare sulle performance del suo alfiere di punta.\n<\/p>\n<p>Presenza determinante<\/p>\n<p>Nell\u2019anno del centenario di Ducati sono tutti concentrati sulla rimonta alle Aprilia. Marc ha conquistato la scorsa edizione, mentre il leader del mondiale Marco Bezzecchi non ha mai vinto in top class sul tracciato toscano. Dopo essere stato costretto a saltare la <strong>sfida domenicale di Le Mans<\/strong> e l\u2019appuntamento del Montmel\u00f3, lo spagnolo ha superato il controllo medico effettuato marted\u00ec a Madrid dai suoi dottori, che gli hanno dato l\u2019ok per rientrare in pista. La sfida italiana verr\u00e0 trasmetta <a href=\"https:\/\/www.virgilio.it\/motori\/motor-sport\/moto-gp\/gp-italia-mugello-orari-tv-sprint-race-gara\/331352\/\" data-doctype=\"\" rel=\"nofollow noopener\" target=\"_blank\">live in TV.<\/a><\/p>\n<p>Marc prover\u00e0 a dare il suo contributo, ma dovr\u00e0 usare estrema cautela nei duelli. Non potr\u00e0 spingersi al limite in una fase in cui si temono delle ricadute. Il valoroso campione ha un<strong> fisico martoriato<\/strong> dalle operazioni chirurgiche e nelle prime prove libere dovr\u00e0 ritrovare feeling e condizione fisica sulla moto. L\u2019intervento, al di l\u00e0 della frattura al quinto metatarso, era stato gi\u00e0 programmato per sistemare una vite nella spalla dovuta al botto avuto a <a href=\"https:\/\/www.virgilio.it\/motori\/motor-sport\/moto-gp\/incubo-marc-marquez-allarme-medico\/301858\/\" data-doctype=\"\" rel=\"nofollow noopener\" target=\"_blank\">Mandalika nel 2025.<\/a><\/p>\n<p>L\u2019ammissione del campione<\/p>\n<p><strong>Marc Marquez<\/strong> aveva spiegato di correre sostanzialmente con un braccio e mezzo, non riuscendo a performare dalla parte destra. Il dolore al nervo radiale della spalla operata \u00e8 tornato a condizionare le sue azioni in pista. Il <strong>pilota della Ducati <\/strong>ha spiegato:<\/p>\n<blockquote>\n<p>\u201cIl recupero sta procedendo come previsto. Negli ultimi giorni ho ripreso ad allenarmi normalmente e sar\u00f2 in pista soprattutto per testare le mie sensazioni e la mia condizione fisica sulla <strong>Desmosedici GP<\/strong>. Entrambe le operazioni sono andate bene, ma stiamo procedendo con la dovuta cautela e con gli ultimi controlli medici direttamente al circuito. Il Mugello \u00e8 un circuito incredibile, e la verit\u00e0 \u00e8 che \u00e8 anche molto esigente, ma il supporto di tutti i ducatisti sar\u00e0 una motivazione extra per fare bene\u201d.<\/p>\n<\/blockquote>\n<p>Il tracciato italiano \u00e8 tra i pi\u00f9 tecnici del calendario e non sar\u00e0 facile competere per le prime posizioni. Sui saliscendi toscani Marc metter\u00e0 a dura prova il suo fisico, ma non a caso i migliori piloti del Motomondiale sono riconosciuti come degli eroi. L\u2019ossessione di raggiungere quota 10 titoli e superare Valentino Rossi rappresenta una motivazione sempre presente nella mente di Marquez, anche secondo il suo connazionale Jorge Lorenzo. La <strong>Ducati<\/strong> dovr\u00e0 anche sperare in una prova d\u2019orgoglio di Pecco Bagnaia, sempre pi\u00f9 distante dal vertice della graduatoria.<\/p>\n","protected":false},"excerpt":{"rendered":"La stagione del campione in carica della MotoGP \u00e8 iniziata con un ritiro nel GP della Thailandia. In&hellip;\n","protected":false},"author":3,"featured_media":512299,"comment_status":"","ping_status":"","sticky":false,"template":"","format":"standard","meta":{"footnotes":"","_share_on_mastodon":"0"},"categories":[6],"tags":[14,3438,8848,8,1537,90,89,1798,1785,7,15,82,9,83,10,245,13,11,80,84,12,81,85],"class_list":["post-512298","post","type-post","status-publish","format-standard","has-post-thumbnail","category-ultime-notizie","tag-cronaca","tag-ducati","tag-gp-brasile","tag-headlines","tag-it","tag-italia","tag-italy","tag-moto-gp","tag-motogp","tag-news","tag-notizie","tag-notizie-di-cronaca","tag-notizie-principali","tag-notiziedicronaca","tag-notizieprincipali","tag-sport","tag-titoli","tag-ultime-notizie","tag-ultime-notizie-di-cronaca","tag-ultime-notizie-e-news-di-oggi","tag-ultimenotizie","tag-ultimenotiziedicronaca","tag-ultimenotizieenewsdioggi"],"share_on_mastodon":{"url":"https:\/\/pubeurope.com\/@it\/116652154936852434","error":""},"_links":{"self":[{"href":"https:\/\/www.europesays.com\/it\/wp-json\/wp\/v2\/posts\/512298","targetHints":{"allow":["GET"]}}],"collection":[{"href":"https:\/\/www.europesays.com\/it\/wp-json\/wp\/v2\/posts"}],"about":[{"href":"https:\/\/www.europesays.com\/it\/wp-json\/wp\/v2\/types\/post"}],"author":[{"embeddable":true,"href":"https:\/\/www.europesays.com\/it\/wp-json\/wp\/v2\/users\/3"}],"replies":[{"embeddable":true,"href":"https:\/\/www.europesays.com\/it\/wp-json\/wp\/v2\/comments?post=512298"}],"version-history":[{"count":0,"href":"https:\/\/www.europesays.com\/it\/wp-json\/wp\/v2\/posts\/512298\/revisions"}],"wp:featuredmedia":[{"embeddable":true,"href":"https:\/\/www.europesays.com\/it\/wp-json\/wp\/v2\/media\/512299"}],"wp:attachment":[{"href":"https:\/\/www.europesays.com\/it\/wp-json\/wp\/v2\/media?parent=512298"}],"wp:term":[{"taxonomy":"category","embeddable":true,"href":"https:\/\/www.europesays.com\/it\/wp-json\/wp\/v2\/categories?post=512298"},{"taxonomy":"post_tag","embeddable":true,"href":"https:\/\/www.europesays.com\/it\/wp-json\/wp\/v2\/tags?post=512298"}],"curies":[{"name":"wp","href":"https:\/\/api.w.org\/{rel}","templated":true}]}}