{"id":512408,"date":"2026-05-28T13:50:19","date_gmt":"2026-05-28T13:50:19","guid":{"rendered":"https:\/\/www.europesays.com\/it\/512408\/"},"modified":"2026-05-28T13:50:19","modified_gmt":"2026-05-28T13:50:19","slug":"topalovic-cocchi-mosconi-inter-il-piano-sul-mercato-per-i-giovani-promossi-da-chivu","status":"publish","type":"post","link":"https:\/\/www.europesays.com\/it\/512408\/","title":{"rendered":"Topalovic, Cocchi, Mosconi&#8230; Inter, il piano sul mercato per i giovani promossi da Chivu"},"content":{"rendered":"<p>                                Qualcuno partir\u00e0 in prestito per poi fare ritorno, uno \u00e8 particolarmente ambito sul mercato, altri aumenteranno il minutaggio in prima squadra: ecco il disegno del tecnico nerazzurro per i &#8220;suoi&#8221; ragazzi<\/p>\n<p class=\"paragraph\" spellcheck=\"true\">Lo scudetto conquistato con anticipo, 87 punti in classifica, la Coppa Italia vinta senza soffrire un minuto in finale e&#8230; sei giovani lanciati, pi\u00f9 molti altri monitorati da vicino o convocati in prima squadra. Il bilancio del primo anno di Cristian Chivu sulla panchina dell&#8217;Inter \u00e8 ampiamente positivo, non solo per il presente vincente ma anche per il futuro gi\u00e0 seminato. Con coraggio e senza paura, nelle occasioni giuste: qualcuno nelle fasi iniziali della Coppa Italia, qualcuno a partita in corso, un paio da titolari. Ma quale futuro attende i ragazzini che l&#8217;allenatore nerazzurro ha temporaneamente promosso in prima squadra?\u00a0<\/p>\n<p>        da topalovic a mosconi\u2014 \u00a0<\/p>\n<p class=\"paragraph\" spellcheck=\"true\">Chi tra tutti \u00e8 rimasto maggiormente negli occhi dei tifosi nerazzurri, sia per una questione cronologica sia tecnica, \u00e8 senz&#8217;altro Luka Topalovic. Il classe 2006 sloveno \u00e8 subentrato nell&#8217;ultima sfida di campionato a Bologna e subito ha lasciato intravedere un assaggio della sua tecnica, con quell&#8217;assist perfetto per il 3-3 finale di Diouf. Non al debutto assoluto, perch\u00e9 aveva esordito gi\u00e0 a Como lo scorso anno con Inzaghi in panchina, ma all&#8217;esordio stagionale con l&#8217;Inter di Chivu. E che esordio. Ecco perch\u00e9 l&#8217;anno prossimo per il gioiellino prelevato dal Domzale potrebbero aprirsi diverse porte: lo scenario ad oggi pi\u00f9 probabile \u00e8 che resti aggregato all&#8217;Under 23 nerazzurra aumentando il proprio minutaggio in prima squadra, ma non \u00e8 escluso che la dirigenza dell&#8217;Inter valuti magari un prestito in Serie A per coltivare pi\u00f9 rapidamente il talento del trequartista. Di certo rimarr\u00e0 sotto l&#8217;attento controllo del club, cos\u00ec come Mosconi che ha debuttato in assoluto prima all&#8217;Olimpico contro la Lazio e poi a San Siro nella sfida scudetto col Verona. L&#8217;attaccante, 2007, \u00e8 molto attenzionato sul mercato. Ma come Topalovic non esiste scenario che lo porti definitivamente lontano da Milano. Il suo cartellino potrebbe s\u00ec rientrare nell&#8217;operazione Muharemovic con il Sassuolo, ma in ogni caso l&#8217;Inter ne manterrebbe il controllo inserendo una clausola di riacquisto &#8220;alla Stankovic&#8221;.<\/p>\n<p>        e gli altri?\u2014 \u00a0<\/p>\n<p class=\"paragraph\" spellcheck=\"true\">A Bologna, nella sua Bologna in cui giocarono pure il padre ed il nonno, si era visto pure Matteo Cocchi, terzino sinistro cresciuto con Federico Dimarco come modello. Anche per lui l&#8217;esordio assoluto era arrivato un anno prima, subentrando in Champions League (in coppia con Berenbruch), ma in questa stagione si era gi\u00e0 visto in Coppa Italia: subentrato contro il Venezia &#8211; insieme a Spinacc\u00e8 -, titolare con il Torino sulla sinistra con l&#8217;altro giovanissimo Kamat\u00e8 a destra. A chiudere il gruppo di esordienti c&#8217;\u00e8 poi Lavelli, che in Serie A contro il Bologna nel turno d&#8217;andata era subentrato a Thuram nel finale. Ci\u00f2 non significa, per\u00f2, che i sei debuttanti siano stati gli unici giovanissimi monitorati da Chivu. Perch\u00e9 vengono ritenuti parecchio interessanti pure Alexiou, Berenbruch, Bovo, Zanchetta, Agbonifo, Cinquegrano, Iddrissou e non solo. La stragrande maggioranza dei nomi citati andr\u00e0 a comporre l&#8217;ossatura dell&#8217;Inter tra Under 23 e Primavera, ma alcuni vengono considerati gi\u00e0 pronti per un periodo di prestito e apprendimento da vivere lontano da Milano.\u00a0<\/p>\n<p class=\"is-copyright\">\u00a9 RIPRODUZIONE RISERVATA<\/p>\n","protected":false},"excerpt":{"rendered":"Qualcuno partir\u00e0 in prestito per poi fare ritorno, uno \u00e8 particolarmente ambito sul mercato, altri aumenteranno il minutaggio&hellip;\n","protected":false},"author":3,"featured_media":512409,"comment_status":"","ping_status":"","sticky":false,"template":"","format":"standard","meta":{"footnotes":"","_share_on_mastodon":"0"},"categories":[1452],"tags":[6586,15759,586,721,2839,43325,2575,4297,5006,11125,1426,1740,1598,283490,350,1537,90,89,34056,1412,28,102295,283491,279621,15769,8392,3484,6840,2743,6072,1821,3461,1739,245,244,1857,4786,33084,15752],"class_list":["post-512408","post","type-post","status-publish","format-standard","has-post-thumbnail","category-calcio","tag-assoluto","tag-berenbruch","tag-bologna","tag-calcio","tag-chivu","tag-cocchi","tag-controllo","tag-coppa","tag-coppa-italia","tag-esordio","tag-finale","tag-football","tag-giovani","tag-giovani-lanciati","tag-inter","tag-it","tag-italia","tag-italy","tag-lanciati","tag-mercato","tag-milano","tag-minutaggio","tag-minutaggio-squadra","tag-monitorati","tag-mosconi","tag-nerazzurro","tag-panchina","tag-prestito","tag-scenario","tag-scudetto","tag-serie","tag-sfida","tag-soccer","tag-sport","tag-sports","tag-squadra","tag-subentrato","tag-tecnica","tag-topalovic"],"share_on_mastodon":{"url":"https:\/\/pubeurope.com\/@it\/116652528649833247","error":""},"_links":{"self":[{"href":"https:\/\/www.europesays.com\/it\/wp-json\/wp\/v2\/posts\/512408","targetHints":{"allow":["GET"]}}],"collection":[{"href":"https:\/\/www.europesays.com\/it\/wp-json\/wp\/v2\/posts"}],"about":[{"href":"https:\/\/www.europesays.com\/it\/wp-json\/wp\/v2\/types\/post"}],"author":[{"embeddable":true,"href":"https:\/\/www.europesays.com\/it\/wp-json\/wp\/v2\/users\/3"}],"replies":[{"embeddable":true,"href":"https:\/\/www.europesays.com\/it\/wp-json\/wp\/v2\/comments?post=512408"}],"version-history":[{"count":0,"href":"https:\/\/www.europesays.com\/it\/wp-json\/wp\/v2\/posts\/512408\/revisions"}],"wp:featuredmedia":[{"embeddable":true,"href":"https:\/\/www.europesays.com\/it\/wp-json\/wp\/v2\/media\/512409"}],"wp:attachment":[{"href":"https:\/\/www.europesays.com\/it\/wp-json\/wp\/v2\/media?parent=512408"}],"wp:term":[{"taxonomy":"category","embeddable":true,"href":"https:\/\/www.europesays.com\/it\/wp-json\/wp\/v2\/categories?post=512408"},{"taxonomy":"post_tag","embeddable":true,"href":"https:\/\/www.europesays.com\/it\/wp-json\/wp\/v2\/tags?post=512408"}],"curies":[{"name":"wp","href":"https:\/\/api.w.org\/{rel}","templated":true}]}}