{"id":512431,"date":"2026-05-28T14:04:15","date_gmt":"2026-05-28T14:04:15","guid":{"rendered":"https:\/\/www.europesays.com\/it\/512431\/"},"modified":"2026-05-28T14:04:15","modified_gmt":"2026-05-28T14:04:15","slug":"italiano-saluta-risolto-il-contratto-ho-concluso-il-mio-ciclo-a-bologna","status":"publish","type":"post","link":"https:\/\/www.europesays.com\/it\/512431\/","title":{"rendered":"Italiano saluta, risolto il contratto: \u201cHo concluso il mio ciclo a Bologna\u201d"},"content":{"rendered":"<p>Bologna, 28 maggio 2026 \u2013\u00a0Il Bologna FC 1909 rende noto di aver raggiunto l\u2019accordo con <strong><a rel=\"follow nofollow noopener\" href=\"https:\/\/sport.quotidiano.net\/calcio\/bologna\/bologna-e-italiano-giornata-da-90bb79f8\" target=\"_blank\">Vincenzo Italiano<\/a><\/strong> per la risoluzione consensuale del contratto.<\/p>\n<p><strong>Italiano ha comunicato al Club di ritenere concluso il suo ciclo a Bologna,<\/strong> al termine di due stagioni contrassegnate da ottimi risultati, indipendentemente da qualsiasi prospettiva lavorativa futura.<\/p>\n<p>La <strong>Societ\u00e0 \u201cringrazia Vincenzo per la passione<\/strong> e la dedizione con cui ha svolto il suo lavoro in questi anni, che resteranno nella storia del Club anche per la conquista della Coppa Italia il 14 maggio 2025\u201d. A Italiano e al suo staff vanno i migliori auguri per il prosieguo della carriera.<\/p>\n<p>L\u2019incontro decisivo a Casteldebole <\/p>\n<p>Era\u00a0arrivato a <strong>Casteldebole<\/strong> sfrecciando, tanto da metter paura anche alle sbarre del centro tecnico, che alle 12.15 spaccate si sono alzate rapidamente per lasciarlo entrare.<\/p>\n<p>In fretta e furia, proprio come \u00e8 stato deciso il suo futuro: <a rel=\"follow nofollow noopener\" href=\"https:\/\/sport.quotidiano.net\/calcio\/bologna\/italiano-e-il-napoli-vicinissimi-d8bdc32c\" target=\"_blank\"><strong>Napoli o la permanenza Bologna<\/strong><\/a>.<\/p>\n<p>Di questo si \u00e8 discusso in questi minuti sulle scrivanie di Casteldebole: il mister, assieme ai vertici rossobl\u00f9.<\/p>\n<p>I protagonisti sono arrivati alla spicciolata.<strong> I primi sono stati l&#8217;ad Fenucci e il responsabile dell&#8217;area tecnica Sartori<\/strong>, giunti attorno alle 9 questa mattina al &#8220;Galli&#8221;.<\/p>\n<p>Alle 9.30 \u00e8 stato poi il turno dell\u2019avvocato Luca Bergamini, seguito qualche minuto pi\u00f9 tardi da Francesco Caliandro, uno dei procuratori dell\u2019attuale allenatore del Bologna.<\/p>\n<p>Dopo le 10, poi, hanno fatto il loro ingresso al centro tecnico il <strong>presidente Saputo e il ds Marco Di Vaio<\/strong>. Ora, in corso, l&#8217;incontro tanto atteso.<\/p>\n<p>Il Ds Di Vaio ieri in tv <\/p>\n<p>Il Ds del Bologna fc <strong>Marco Di Vaio ieri in tv<\/strong>, ospite di Emilio Marrese e Sabrina Orlandi, aveva dichiarato che\u00a0&#8220;se Italiano andasse via ci dispiacerebbe molto, perch\u00e9 pensiamo di avere pi\u00f9 possibilit\u00e0 di tornare in Europa con lui&#8221;.<\/p>\n<p>Il raduno rossobl\u00f9 peraltro \u00e8 gi\u00e0 fissato per il <strong>10 luglio a Valles in Trentino<\/strong>. Per ci\u00f2 si stringono i tempi: \u201cse anche Italiano andasse via sar\u00e0 necessario fare in fretta a scegliere il nuovo allenatore\u201d, aveva specificato il Ds.<\/p>\n","protected":false},"excerpt":{"rendered":"Bologna, 28 maggio 2026 \u2013\u00a0Il Bologna FC 1909 rende noto di aver raggiunto l\u2019accordo con Vincenzo Italiano per&hellip;\n","protected":false},"author":3,"featured_media":512432,"comment_status":"","ping_status":"","sticky":false,"template":"","format":"standard","meta":{"footnotes":"","_share_on_mastodon":"0"},"categories":[6],"tags":[586,16936,8240,6693,14,8,1537,90,1599,89,7,15,82,9,83,10,29059,21474,13,11,80,84,12,81,85],"class_list":["post-512431","post","type-post","status-publish","format-standard","has-post-thumbnail","category-ultime-notizie","tag-bologna","tag-ciclo","tag-concluso","tag-contratto","tag-cronaca","tag-headlines","tag-it","tag-italia","tag-italiano","tag-italy","tag-news","tag-notizie","tag-notizie-di-cronaca","tag-notizie-principali","tag-notiziedicronaca","tag-notizieprincipali","tag-risolto","tag-saluta","tag-titoli","tag-ultime-notizie","tag-ultime-notizie-di-cronaca","tag-ultime-notizie-e-news-di-oggi","tag-ultimenotizie","tag-ultimenotiziedicronaca","tag-ultimenotizieenewsdioggi"],"share_on_mastodon":{"url":"https:\/\/pubeurope.com\/@it\/116652583575721998","error":""},"_links":{"self":[{"href":"https:\/\/www.europesays.com\/it\/wp-json\/wp\/v2\/posts\/512431","targetHints":{"allow":["GET"]}}],"collection":[{"href":"https:\/\/www.europesays.com\/it\/wp-json\/wp\/v2\/posts"}],"about":[{"href":"https:\/\/www.europesays.com\/it\/wp-json\/wp\/v2\/types\/post"}],"author":[{"embeddable":true,"href":"https:\/\/www.europesays.com\/it\/wp-json\/wp\/v2\/users\/3"}],"replies":[{"embeddable":true,"href":"https:\/\/www.europesays.com\/it\/wp-json\/wp\/v2\/comments?post=512431"}],"version-history":[{"count":0,"href":"https:\/\/www.europesays.com\/it\/wp-json\/wp\/v2\/posts\/512431\/revisions"}],"wp:featuredmedia":[{"embeddable":true,"href":"https:\/\/www.europesays.com\/it\/wp-json\/wp\/v2\/media\/512432"}],"wp:attachment":[{"href":"https:\/\/www.europesays.com\/it\/wp-json\/wp\/v2\/media?parent=512431"}],"wp:term":[{"taxonomy":"category","embeddable":true,"href":"https:\/\/www.europesays.com\/it\/wp-json\/wp\/v2\/categories?post=512431"},{"taxonomy":"post_tag","embeddable":true,"href":"https:\/\/www.europesays.com\/it\/wp-json\/wp\/v2\/tags?post=512431"}],"curies":[{"name":"wp","href":"https:\/\/api.w.org\/{rel}","templated":true}]}}