{"id":512440,"date":"2026-05-28T14:18:22","date_gmt":"2026-05-28T14:18:22","guid":{"rendered":"https:\/\/www.europesays.com\/it\/512440\/"},"modified":"2026-05-28T14:18:22","modified_gmt":"2026-05-28T14:18:22","slug":"mercato-juve-mateta-obiettivo-di-comolli-con-vlahovic-e-kolo-muani","status":"publish","type":"post","link":"https:\/\/www.europesays.com\/it\/512440\/","title":{"rendered":"Mercato Juve, Mateta obiettivo di Comolli con Vlahovic e Kolo Muani"},"content":{"rendered":"<p>                                Bocciato dal Milan a gennaio dopo le visite mediche, l&#8217;attaccante del Crystal Palace ha deciso la finale di Conference League ed \u00e8 in scadenza nel 2027: pu\u00f2 essere un&#8217;alternativa a Kolo Muani<\/p>\n<p class=\"paragraph\" spellcheck=\"true\">Riecco Jean-Philippe Mateta. La stagione della Juventus \u00e8 finita \u2013 malamente \u2013 soltanto pochi giorni fa e gi\u00e0 il calciomercato presenta parecchi nodi da sciogliere alla porta della Signora: dal nuovo portiere ai possibili avvicendamenti in difesa, dalla qualit\u00e0 ricercata in regia e sulla trequarti fino a quell&#8217;uomo gol che a Torino \u00e8 mancato per tutta la stagione. Ecco, se si parla di bomber la prima consapevolezza alla Continassa \u00e8 che i piani futuri non possono restare legati a soltanto a Dusan Vlahovic, che per il momento continua a prendere tempo. Per andare oltre lo stallo legato al serbo, per\u00f2, sulla scrivania dell&#8217;amministratore delegato Damien Comolli \u00e8 tornato un dossier gi\u00e0 circolato fugacemente a gennaio: quello su Mateta, appunto.<\/p>\n<p>        sliding door\u2014 \u00a0<\/p>\n<p class=\"paragraph\" spellcheck=\"true\">Il centravanti francese di 28 anni <a href=\"https:\/\/www.gazzetta.it\/Calcio\/Conference-League\/27-05-2026\/crystal-palace-rayo-vallecano-live-finale-conference-league-risultato-e-gol-in-diretta.shtml?intcmp=hyperlink-articolo-gazit\" title=\"Mateta porta il Palace in paradiso: Rayo Vallecano battuto, la Conference \u00e8 inglese\" target=\"_blank\" rel=\"nofollow noopener\">ha appena deciso con un gol la finale di Conference League vinta dal suo Crystal Palace<\/a> sugli spagnoli del Rayo Vallecano e a breve si aggregher\u00e0 alla nazionale francese per il Mondiale. Chiss\u00e0 quanti tifosi della Juventus e del Milan, vedendolo esultare a Lipsia, avranno pensato a una realt\u00e0 parallela in cui il ragazzone di Sevran avrebbe firmato il quarto posto in Serie A con la sua verve realizzativa. Invece no, Mateta in inverno \u00e8 rimasto in Inghilterra soprattutto per via di un ginocchio destro che non aveva convinto i rossoneri durante le visite mediche: bocciato. Non totalmente a torto, visto che poi \u00e8 rimasto indisponibile fino a met\u00e0 marzo, per\u00f2 le risposte fornite sul campo in primavera \u2013 con sei gol \u2013 sono state parecchio convincenti e cos\u00ec in casa bianconera Jean-Philippe \u00e8 tornato d&#8217;attualit\u00e0. A prescindere da Vlahovic e in alternativa a Randal Kolo Muani, il colosso francese \u00e8 pronto a giocarsi le sue carte.<\/p>\n<p>        <img decoding=\"async\" loading=\"lazy\" alt=\"LEIPZIG, GERMANY - MAY 27: Jean-Philippe Mateta of Crystal Palace celebrates with the UEFA Conference League trophy after his team's victory in the UEFA Conference League Final 2026 match between Crystal Palace FC and Rayo Vallecano de Madrid at Football Arena Leipzig on May 27, 2026 in Leipzig, Germany. (Photo by Alex Grimm\/Getty Images)\" src=\"https:\/\/dimages2.gazzettaobjects.it\/files\/image_527_789_h\/uploads\/2026\/05\/28\/6a18213410c43.jpeg\" data-full-src=\"https:\/\/www.europesays.com\/it\/wp-content\/uploads\/2026\/05\/6a18213410c43.jpeg\"\/><\/p>\n<p>        tempi e cifre\u2014 \u00a0<\/p>\n<p class=\"paragraph\" spellcheck=\"true\">\u00a0A oggi Mateta resta in uscita dal Crystal Palace come lo era a gennaio e la cifra stimata per il trasferimento non pu\u00f2 certo andare oltre i 35 milioni di euro circa stimati a gennaio: il suo contratto in scadenza il 30 giugno 2027 non \u00e8 stato rinnovato e quindi il calciatore ha forza negoziale per evitare richieste eccessive da parte del club di Premier League. Insomma, c&#8217;\u00e8 un chiaro fattore incoraggiante per chi vuole ingaggiarlo. Con Vlahovic che per adesso non sta abbassando le richieste per il prolungamento contrattuale \u2013 ma sta invece sondando il terreno con altri top club europei \u2013 e il discorso su Kolo Muani ancora da approfondire dopo la finale di Champions League del Paris Saint-Germain, l&#8217;idea Mateta pu\u00f2 prendere quota nel mese di giugno, prima che il Mondiale possa attirare ulteriori attenzioni sulla punta. Dopo tutto Didier Deschamps lo ha preferito proprio a Kolo Muani e questo ben descrive la considerazione attorno al calciatore: certo, a differenza di Randal non conosce la Serie A e nemmeno l&#8217;ambiente Juventus, ma le tre stagioni consecutive in doppia cifra in Premier League sembrano un pi\u00f9 che discreto biglietto da visita. Attenzione, quindi: il dossier potrebbe riaprirsi, ed \u00e8 un messaggio per tanti oltre al diretto interessato. Per Vlahovic, sempre pi\u00f9 vicino a perdere per sempre la Juventus, e per il Psg che, se davvero vuole cedere Kolo Muani, non potr\u00e0 replicare le folli richieste economiche della scorsa estate. Sorpresa: anche la tanto bistrattata Conference League pu\u00f2 cambiare le carte in tavola, a queste latitudini.<\/p>\n<p class=\"is-copyright\">\u00a9 RIPRODUZIONE RISERVATA<\/p>\n","protected":false},"excerpt":{"rendered":"Bocciato dal Milan a gennaio dopo le visite mediche, l&#8217;attaccante del Crystal Palace ha deciso la finale di&hellip;\n","protected":false},"author":3,"featured_media":512441,"comment_status":"","ping_status":"","sticky":false,"template":"","format":"standard","meta":{"footnotes":"","_share_on_mastodon":"0"},"categories":[1452],"tags":[5294,32,58609,2281,721,10434,5370,554,20984,20985,22042,22043,3059,9260,1426,282900,282901,1740,3368,2614,1148,1976,1537,90,89,4482,193843,558,572,573,1980,100528,604,576,13459,1320,1739,245,244,1994,578],"class_list":["post-512440","post","type-post","status-publish","format-standard","has-post-thumbnail","category-calcio","tag-alternativa","tag-andare","tag-bocciato","tag-calciatore","tag-calcio","tag-carte","tag-cifra","tag-club","tag-conference","tag-conference-league","tag-crystal","tag-crystal-palace","tag-deciso","tag-dossier","tag-finale","tag-finale-conference","tag-finale-conference-league","tag-football","tag-francese","tag-gennaio","tag-giugno","tag-gol","tag-it","tag-italia","tag-italy","tag-jean","tag-jean-philippe","tag-juventus","tag-kolo","tag-kolo-muani","tag-league","tag-mateta","tag-mediche","tag-muani","tag-palace","tag-richieste","tag-soccer","tag-sport","tag-sports","tag-tornato","tag-vlahovic"],"share_on_mastodon":{"url":"https:\/\/pubeurope.com\/@it\/116652638760766524","error":""},"_links":{"self":[{"href":"https:\/\/www.europesays.com\/it\/wp-json\/wp\/v2\/posts\/512440","targetHints":{"allow":["GET"]}}],"collection":[{"href":"https:\/\/www.europesays.com\/it\/wp-json\/wp\/v2\/posts"}],"about":[{"href":"https:\/\/www.europesays.com\/it\/wp-json\/wp\/v2\/types\/post"}],"author":[{"embeddable":true,"href":"https:\/\/www.europesays.com\/it\/wp-json\/wp\/v2\/users\/3"}],"replies":[{"embeddable":true,"href":"https:\/\/www.europesays.com\/it\/wp-json\/wp\/v2\/comments?post=512440"}],"version-history":[{"count":0,"href":"https:\/\/www.europesays.com\/it\/wp-json\/wp\/v2\/posts\/512440\/revisions"}],"wp:featuredmedia":[{"embeddable":true,"href":"https:\/\/www.europesays.com\/it\/wp-json\/wp\/v2\/media\/512441"}],"wp:attachment":[{"href":"https:\/\/www.europesays.com\/it\/wp-json\/wp\/v2\/media?parent=512440"}],"wp:term":[{"taxonomy":"category","embeddable":true,"href":"https:\/\/www.europesays.com\/it\/wp-json\/wp\/v2\/categories?post=512440"},{"taxonomy":"post_tag","embeddable":true,"href":"https:\/\/www.europesays.com\/it\/wp-json\/wp\/v2\/tags?post=512440"}],"curies":[{"name":"wp","href":"https:\/\/api.w.org\/{rel}","templated":true}]}}