{"id":512452,"date":"2026-05-28T14:25:15","date_gmt":"2026-05-28T14:25:15","guid":{"rendered":"https:\/\/www.europesays.com\/it\/512452\/"},"modified":"2026-05-28T14:25:15","modified_gmt":"2026-05-28T14:25:15","slug":"allegri-al-napoli-ha-superato-italiano-de-laurentiis-vuole-max-per-il-dopo-conte-la-situazione","status":"publish","type":"post","link":"https:\/\/www.europesays.com\/it\/512452\/","title":{"rendered":"Allegri al Napoli: ha superato Italiano. De Laurentiis vuole Max per il dopo Conte. La situazione"},"content":{"rendered":"<p>    di<br \/>\n    Monica Scozzafava, inviata a Napoli e Monica Colombo<\/p>\n<p class=\"summary-art is-line-h-12\">Le quotazioni di Allegri sono forte  in risalita \u00e8 lui la scelta. Italiano ha risolto il contratto col Bologna<\/p>\n<p class=\"chapter-paragraph\">Sul tavolo della panchina del Napoli ci sono stati sempre due nomi, <a href=\"https:\/\/www.corriere.it\/sport\/calciomercato\/26_maggio_27\/napoli-allenatore-italiano-allegri-ultime-72b0a20b-9e1e-4436-8d8d-929123fdcxlk.shtml\" title=\"Napoli, testa a testa tra Italiano e Allegri: le ultime sulla successione di Antonio Conte\" target=\"_blank\" rel=\"nofollow noopener\">Allegri e Italiano<\/a>. Carte scoperte, dunque. Ma i giochi, per\u00f2, non sono sempre stati troppo espliciti. Il poker ha una posta in palio altissima e il bluff\u00a0 a un certo punti \u00e8 diventato necessario. De Laurentiis fronteggia con piglio l&#8217;onda (anomala) del tifo partenopeo che si \u00e8 espresso a favore del tecnico del Bologna (Italiano oggi ha risolto il contratto con il club di Saputo) e vira verso l&#8217;uomo,<b> il tecnico, che ha sempre voluto a Napoli, sin dal 2019<\/b>. Massimiliano Allegri, toscano, 58 anni, un palmares rispettabile, esperienza internazionale con due finali di Champions,\u00a0 ma due clamorose macchie con Juventus e Milan che ne minano in qualche modo la sua credibilit\u00e0 ultima.<\/p>\n<p>    L&#8217;intesa con il ds Manna<\/p>\n<p class=\"chapter-paragraph\"><a href=\"https:\/\/www.corriere.it\/sport\/26_maggio_25\/milan-allegri-esonerato-prossimo-allenatore-retroscena-cardinale-ec9d8b45-8ee5-4da7-993a-0ca09c8d6xlk.shtml\" title=\"Allegri via, chi sar\u00e0 il prossimo allenatore del Milan? Ecco l&#039;identikit, \u00abl&#039;anno zero\u00bb di Cardinale e i (veri) perch\u00e9 dell&#039;esonero - Il retroscena\" target=\"_blank\" rel=\"nofollow noopener\">Esoneri molto turbolenti <\/a>che impongono\u00a0 a questo punto una ripartenza in una piazza dove <a href=\"https:\/\/napoli.corriere.it\/notizie\/sport\/26_maggio_24\/il-napoli-batte-l-udinese-ed-e-secondo-conte-fa-il-giro-di-campo-con-la-squadra-per-ringraziare-i-tifosi-8b6baeee-17a6-4131-a01a-99fd5bf19xlk.shtml\" title=\"Il Napoli batte l&#039;Udinese ed \u00e8 secondo. Conte lascia tra accuse e allusioni: volevo compattare l&#039;ambiente, ho fallito\" target=\"_blank\" rel=\"nofollow noopener\">l&#8217;eredit\u00e0 lasciata da Conte \u00e8 pesantissima<\/a>. Max al momento \u00e8 il candidato pi\u00f9 forte\u00a0(con Italiano c&#8217;\u00e8 stato un incontro marted\u00ec a Roma, anche molto positivo, con un accordo pi\u00f9 o meno definito) che a Napoli ritroverebbe il direttore sportivo con cui ha lavorato meglio proprio a Torino. <b>Giovanni Manna,<\/b> l&#8217;ex mago <b>della Next Gen<\/b>, il direttore sportivo che Max avrebbe voluto al suo fianco in prima squadra, ma che fu surclassato da Cristiano Giuntoli, e fu il preludio ad una stagione di liti e lotte intestine.<br \/>Manna\u00a0 ha spinto affinch\u00e9 il binomio vincente si riproponesse a Napoli, pur riconoscendo a Italiano una grande capacit\u00e0, un percorso in ascesa negli ultimi anni fra Fiorentina e Bologna, un gioco armonioso.    &#13;<br \/>\n&#13;<br \/>\n&#13;<br \/>\n&#13;<br \/>\n&#13;<br \/>\n&#13;<br \/>\n&#13;<br \/>\n&#13;<br \/>\n&#13;<br \/>\n&#13;<br \/>\n&#13;<br \/>\n&#13;<br \/>\n&#13;<br \/>\n&#13;<br \/>\n&#13;<br \/>\n&#13;<br \/>\n&#13;<br \/>\n&#13;<br \/>\n&#13;<br \/>\n&#13;<br \/>\n&#13;<br \/>\n&#13;<br \/>\n&#13;<br \/>\n&#13;<br \/>\n&#13;<br \/>\n&#13;<br \/>\n&#13;<br \/>\n&#13;<br \/>\n&#13;<br \/>\n&#13;<br \/>\n&#13;<br \/>\n&#13;<br \/>\n&#13;<br \/>\n&#13;<br \/>\n&#13;<br \/>\n&#13;<br \/>\n&#13;<br \/>\n&#13;<br \/>\n&#13;<br \/>\n&#13;<br \/>\n&#13;<br \/>\n&#13;<br \/>\n&#13;<br \/>\n&#13;<br \/>\n&#13;<br \/>\n&#13;<br \/>\n&#13;<br \/>\n&#13;<br \/>\n&#13;<br \/>\n&#13;<br \/>\n&#13;<br \/>\n&#13;<br \/>\n&#13;\n<\/p>\n<p>    La risoluzione col MIlan e la buonuscita<\/p>\n<p class=\"chapter-paragraph\">Questione di ore, forse un giorno, e cadr\u00e0 l&#8217;ultimo velo sulla intensa settimana di mercato per <b>la panchina del Napoli del post Conte<\/b>. Allegri ritira oggi <b>il premio Galeone a Pescara<\/b> e cerca un accordo col Milan, con cui \u00e8 ancora sotto contratto per un anno. L&#8217;accordo con il Napoli c&#8217;\u00e8 ma va limato, accetterebbe anche un biennale. Vanno ridiscusse le cifre, Oggi pomeriggio a Casa Milan si svolger\u00e0 un cda straordinario: dopo lo<b> tsunami<\/b> scatenato da <b>Gerry Cardinale<\/b>, e il conseguente licenziamento di Giorgio Furlani, occorre nominare un ad ad interim in attesa della nomina di un nuovo amministratore delegato. Forse dunque ci sar\u00e0 un interlocutore che per conto della societ\u00e0 tratter\u00e0 con i legali di Max la risoluzione del contratto (e relativa buonuscita). Si chiuderebbe cos\u00ec una pagina a tinte molto scure, cos\u00ec come ha anche argomentato <a href=\"https:\/\/www.corriere.it\/sport\/calcio\/serie-a\/26_maggio_28\/fabio-capello-milan-cardinale-intervista-cbc614e1-390b-4199-85fd-01fcf9a23xlk.shtml\" title=\"Capello: \u00abScioccato dal Milan, Cardinale caccia tutti senza capire il problema. Sembra di essere alla fiera dell&#039;est\u00bb\" target=\"_blank\" rel=\"nofollow noopener\">Fabio Capello al Corriere<\/a>.<\/p>\n<p class=\"is-last-update\" datetime=\"2026-05-28T15:42:04+02:00\">28 maggio 2026 ( modifica il 28 maggio 2026 | 15:42)<\/p>\n<p class=\"is-copyright\">\n            \u00a9 RIPRODUZIONE RISERVATA\n        <\/p>\n","protected":false},"excerpt":{"rendered":"di Monica Scozzafava, inviata a Napoli e Monica Colombo Le quotazioni di Allegri sono forte in risalita \u00e8&hellip;\n","protected":false},"author":3,"featured_media":512453,"comment_status":"","ping_status":"","sticky":false,"template":"","format":"standard","meta":{"footnotes":"","_share_on_mastodon":"0"},"categories":[176],"tags":[579,3076,586,62310,2790,6693,277,16824,1109,47040,3440,1537,90,1599,283508,283509,89,48253,18554,3444,553,248,3484,283510,29059,283511,13832,245,2284,244,3375],"class_list":["post-512452","post","type-post","status-publish","format-standard","has-post-thumbnail","category-sport","tag-accordo","tag-allegri","tag-bologna","tag-buonuscita","tag-conte","tag-contratto","tag-de","tag-de-laurentiis","tag-direttore","tag-direttore-sportivo","tag-forte","tag-it","tag-italia","tag-italiano","tag-italiano-risolto","tag-italiano-risolto-contratto","tag-italy","tag-laurentiis","tag-manna","tag-max","tag-milan","tag-napoli","tag-panchina","tag-panchina-napoli","tag-risolto","tag-risolto-contratto","tag-risoluzione","tag-sport","tag-sportivo","tag-sports","tag-tecnico"],"share_on_mastodon":{"url":"https:\/\/pubeurope.com\/@it\/116652666169418988","error":""},"_links":{"self":[{"href":"https:\/\/www.europesays.com\/it\/wp-json\/wp\/v2\/posts\/512452","targetHints":{"allow":["GET"]}}],"collection":[{"href":"https:\/\/www.europesays.com\/it\/wp-json\/wp\/v2\/posts"}],"about":[{"href":"https:\/\/www.europesays.com\/it\/wp-json\/wp\/v2\/types\/post"}],"author":[{"embeddable":true,"href":"https:\/\/www.europesays.com\/it\/wp-json\/wp\/v2\/users\/3"}],"replies":[{"embeddable":true,"href":"https:\/\/www.europesays.com\/it\/wp-json\/wp\/v2\/comments?post=512452"}],"version-history":[{"count":0,"href":"https:\/\/www.europesays.com\/it\/wp-json\/wp\/v2\/posts\/512452\/revisions"}],"wp:featuredmedia":[{"embeddable":true,"href":"https:\/\/www.europesays.com\/it\/wp-json\/wp\/v2\/media\/512453"}],"wp:attachment":[{"href":"https:\/\/www.europesays.com\/it\/wp-json\/wp\/v2\/media?parent=512452"}],"wp:term":[{"taxonomy":"category","embeddable":true,"href":"https:\/\/www.europesays.com\/it\/wp-json\/wp\/v2\/categories?post=512452"},{"taxonomy":"post_tag","embeddable":true,"href":"https:\/\/www.europesays.com\/it\/wp-json\/wp\/v2\/tags?post=512452"}],"curies":[{"name":"wp","href":"https:\/\/api.w.org\/{rel}","templated":true}]}}