{"id":513185,"date":"2026-05-29T01:01:13","date_gmt":"2026-05-29T01:01:13","guid":{"rendered":"https:\/\/www.europesays.com\/it\/513185\/"},"modified":"2026-05-29T01:01:13","modified_gmt":"2026-05-29T01:01:13","slug":"che-auto-guida-ciro-ferrara-un-tripudio-di-eleganza-discreta","status":"publish","type":"post","link":"https:\/\/www.europesays.com\/it\/513185\/","title":{"rendered":"Che auto guida Ciro Ferrara, un tripudio di eleganza discreta"},"content":{"rendered":"<p data-pm-slice=\"0 0 []\">In<strong> auto Ciro Ferrara<\/strong> \u00e8 cos\u00ec come te lo aspetti: composto, elegante e sicuro di s\u00e9. Le stesse qualit\u00e0 ammirate da calciatore prima e da opinionista poi le conferma al volante, tanto da non lasciarsi sedurre da modelli troppo appariscenti. Quando viene il momento di abbandonare gli studi televisivi, l\u2019ex campione di Napoli e Juventus pu\u00f2 godersi l\u2019eleganza e il comfort della <strong>Lexus NX<\/strong>, espressione di qualit\u00e0 premium, solida nei contenuti e intelligente nel prezzo.<\/p>\n<p>Il SUV dell\u2019ex difensore<\/p>\n<p data-pm-slice=\"0 0 []\">Partita dal rettangolo verde, la carriera di Ferrara \u00e8 arrivata al <strong>cuore del grande pubblico italiano<\/strong>. Dopo aver scritto pagine memorabili nei panni di difensore, ha saputo mantenere un posto sotto le luci dei riflettori per il modo in cui riesce a raccontare lo sport pi\u00f9 amato in Italia, affermandosi con la sua spontaneit\u00e0 e libert\u00e0 di pensiero. Sia nella vita privata sia nella professione, lo stile di Ciro<strong> evita le scorciatoie<\/strong>, esattamente il profilo a cui si rivolge il <a href=\"https:\/\/www.virgilio.it\/motori\/dati-statistiche\/suv-piu-venduti-italia-aprile-2026\/330877\/\" rel=\"nofollow noopener\" target=\"_blank\">SUV<\/a> ibrido di alta gamma: un guidatore attento all\u2019efficienza del motore, pronto a familiarizzare con le dotazioni tecnologiche di ultimo grido e sensibile alla qualit\u00e0 costruttiva.<\/p>\n<p data-pm-slice=\"0 0 []\">Seppur conservi il family feeling caratteristico, lo Sport Utility mid-size ha saputo fare tesoro del feedback di pubblico. La seconda generazione dice addio alla plancia vecchia maniera, che appariva ormai superata: la versione attuale d\u00e0 il benvenuto agli occupanti in un ambiente razionale, dove l\u2019equipaggiamento si dimostra all\u2019avanguardia senza sacrificare la facilit\u00e0 d\u2019uso. La gestione dell\u2019infotainment passa da un <strong>touchscreen da 14 pollici<\/strong> rapido e intuitivo, affiancato da materiali che restituiscono un lusso lontano dagli eccessi barocchi.<\/p>\n<blockquote class=\"instagram-media\" data-instgrm-captioned=\"\" data-instgrm-permalink=\"https:\/\/www.instagram.com\/p\/C9mSKOlCCVE\/?utm_source=ig_embed&amp;utm_campaign=loading\" data-instgrm-version=\"14\" style=\" background:#FFF; border:0; border-radius:3px; box-shadow:0 0 1px 0 rgba(0,0,0,0.5),0 1px 10px 0 rgba(0,0,0,0.15); margin: 1px; max-width:100%; min-width:326px; padding:0; width:99.375%; width:-webkit-calc(100% - 2px); width:calc(100% - 2px);\"\/>\n<p data-pm-slice=\"0 0 []\">A ogni modo, la qualit\u00e0 principale della <a href=\"https:\/\/www.virgilio.it\/motori\/curiosita\/auto-masterchef-matteo-canzi-lexus-nx\/319199\/\" rel=\"nofollow noopener\" target=\"_blank\">NX<\/a> va ricercata sotto il cofano. Invece di prendere un\u2019unica direzione, tra i propulsori termici tradizionali e le aggressive unit\u00e0 solo elettriche, Lexus sposa k0ibrido. Sul mercato italiano la gamma si articola su due anime: la prima, la <strong>NX 350h Full Hybrid<\/strong>, costituisce l\u2019opzione pi\u00f9 indicata per abbattere consumi e stress, liberi dall\u2019ansia di ricarica. Nei contesti urbani e nei trasferimenti a velocit\u00e0 costante, lo Sport Utility si muove con estrema fluidit\u00e0, brillando per discrezione e parsimonia grazie al sistema e-CVT.<\/p>\n<p data-pm-slice=\"0 0 []\">La versione <strong>450h+ Plug-in Hybrid<\/strong> rappresenta, invece, la vetta tecnologica. Su strada eroga 309 CV, mette a disposizione la trazione integrale e anche a batteria scarica continua a comportarsi come una raffinata <a href=\"https:\/\/www.virgilio.it\/motori\/auto\/auto-full-hybrid-arrivo-italia-2026\/329140\/\" rel=\"nofollow noopener\" target=\"_blank\">full hybrid<\/a>, il segreto della proposta Lexus. Con un listino che parte da circa 60.000 euro e cresce a seconda degli allestimenti, la NX sacrifica l\u2019effimera apparenza in favore di un impianto meccanico particolarmente affidabile.<\/p>\n<p>Sarabanda Celebrity: scatto a ritmo di musica<\/p>\n<p data-pm-slice=\"0 0 []\">Il talento eclettico di Ciro Ferrara lo porta in un sentiero inesplorato gioved\u00ec 28 maggio. In prima serata su Italia 1 \u00e8, infatti, uno dei protagonisti della seconda puntata di Sarabanda Celebrity, il game show musicale condotto da Enrico Papi. Inserito in una squadra d\u2019eccezione composta da Orietta Berti, Alvin e Nina Zilli, deve dare prova di tutt\u2019altro tipo di \u201cscatto\u201d: la prontezza nel riconoscere un\u2019hit, la memoria musicale e, soprattutto, la freddezza tattica necessaria per gestire i jolly e le prove a tempo.<\/p>\n<p>\t<script async src=\"\/\/www.instagram.com\/embed.js\"><\/script><\/p>\n","protected":false},"excerpt":{"rendered":"In auto Ciro Ferrara \u00e8 cos\u00ec come te lo aspetti: composto, elegante e sicuro di s\u00e9. Le stesse&hellip;\n","protected":false},"author":3,"featured_media":513186,"comment_status":"","ping_status":"","sticky":false,"template":"","format":"standard","meta":{"footnotes":"","_share_on_mastodon":"0"},"categories":[1451],"tags":[1621,1620,1679,203,12202,204,1537,90,89,213389],"class_list":["post-513185","post","type-post","status-publish","format-standard","has-post-thumbnail","category-celebrita","tag-celebrita","tag-celebrities","tag-curiosita","tag-entertainment","tag-infotainment","tag-intrattenimento","tag-it","tag-italia","tag-italy","tag-le-auto-dei-vip"],"share_on_mastodon":{"url":"https:\/\/pubeurope.com\/@it\/116655167008399200","error":""},"_links":{"self":[{"href":"https:\/\/www.europesays.com\/it\/wp-json\/wp\/v2\/posts\/513185","targetHints":{"allow":["GET"]}}],"collection":[{"href":"https:\/\/www.europesays.com\/it\/wp-json\/wp\/v2\/posts"}],"about":[{"href":"https:\/\/www.europesays.com\/it\/wp-json\/wp\/v2\/types\/post"}],"author":[{"embeddable":true,"href":"https:\/\/www.europesays.com\/it\/wp-json\/wp\/v2\/users\/3"}],"replies":[{"embeddable":true,"href":"https:\/\/www.europesays.com\/it\/wp-json\/wp\/v2\/comments?post=513185"}],"version-history":[{"count":0,"href":"https:\/\/www.europesays.com\/it\/wp-json\/wp\/v2\/posts\/513185\/revisions"}],"wp:featuredmedia":[{"embeddable":true,"href":"https:\/\/www.europesays.com\/it\/wp-json\/wp\/v2\/media\/513186"}],"wp:attachment":[{"href":"https:\/\/www.europesays.com\/it\/wp-json\/wp\/v2\/media?parent=513185"}],"wp:term":[{"taxonomy":"category","embeddable":true,"href":"https:\/\/www.europesays.com\/it\/wp-json\/wp\/v2\/categories?post=513185"},{"taxonomy":"post_tag","embeddable":true,"href":"https:\/\/www.europesays.com\/it\/wp-json\/wp\/v2\/tags?post=513185"}],"curies":[{"name":"wp","href":"https:\/\/api.w.org\/{rel}","templated":true}]}}