{"id":513216,"date":"2026-05-29T01:34:12","date_gmt":"2026-05-29T01:34:12","guid":{"rendered":"https:\/\/www.europesays.com\/it\/513216\/"},"modified":"2026-05-29T01:34:12","modified_gmt":"2026-05-29T01:34:12","slug":"inter-attenta-maresca-vuole-palestra-al-manchester-city-latalanta-individua-il-sostituto-in-savona","status":"publish","type":"post","link":"https:\/\/www.europesays.com\/it\/513216\/","title":{"rendered":"Inter attenta, Maresca vuole Palestra al Manchester City: l&#8217;Atalanta individua il sostituto in Savona"},"content":{"rendered":"<p>Forte concorrenza per i campioni d&#8217;Italia sul mercato.<\/p>\n<p><b><strong>C&#8217;\u00e8 solo l&#8217;Inter<\/strong><\/b><b><strong>? Per Marco Palestra no.<\/strong><\/b> Infatti il laterale destro ha attirato le attenzioni di diversi altri club. In particolare<b><strong> si sta interessando concretamente il Manchester City, dove l&#8217;allenatore italiano Enzo Maresca prende il posto di Pep Guardiola in panchina. <\/strong><\/b><\/p>\n<p><b><strong>Classe 2005, Palestra si \u00e8 valorizzato questa stagione in prestito al Cagliar<\/strong><\/b>i, dove ha raccolto 37 presenze con un goal e 4 assist. <b><strong>Il suo cartellino \u00e8 di propriet\u00e0 dell&#8217;Atalanta, con cui \u00e8 sotto contratto fino a giugno 2029. <\/strong><\/b><\/p>\n","protected":false},"excerpt":{"rendered":"Forte concorrenza per i campioni d&#8217;Italia sul mercato. C&#8217;\u00e8 solo l&#8217;Inter? Per Marco Palestra no. Infatti il laterale&hellip;\n","protected":false},"author":3,"featured_media":513217,"comment_status":"","ping_status":"","sticky":false,"template":"","format":"standard","meta":{"footnotes":"","_share_on_mastodon":"0"},"categories":[176],"tags":[569,353,350,1537,90,89,151785,13564,283815,23379,245,244,355],"class_list":["post-513216","post","type-post","status-publish","format-standard","has-post-thumbnail","category-sport","tag-atalanta","tag-calciomercato","tag-inter","tag-it","tag-italia","tag-italy","tag-m-palestra","tag-manchester-city","tag-n-savona","tag-nottingham-forest","tag-sport","tag-sports","tag-transfers"],"share_on_mastodon":{"url":"https:\/\/pubeurope.com\/@it\/116655296699213546","error":""},"_links":{"self":[{"href":"https:\/\/www.europesays.com\/it\/wp-json\/wp\/v2\/posts\/513216","targetHints":{"allow":["GET"]}}],"collection":[{"href":"https:\/\/www.europesays.com\/it\/wp-json\/wp\/v2\/posts"}],"about":[{"href":"https:\/\/www.europesays.com\/it\/wp-json\/wp\/v2\/types\/post"}],"author":[{"embeddable":true,"href":"https:\/\/www.europesays.com\/it\/wp-json\/wp\/v2\/users\/3"}],"replies":[{"embeddable":true,"href":"https:\/\/www.europesays.com\/it\/wp-json\/wp\/v2\/comments?post=513216"}],"version-history":[{"count":0,"href":"https:\/\/www.europesays.com\/it\/wp-json\/wp\/v2\/posts\/513216\/revisions"}],"wp:featuredmedia":[{"embeddable":true,"href":"https:\/\/www.europesays.com\/it\/wp-json\/wp\/v2\/media\/513217"}],"wp:attachment":[{"href":"https:\/\/www.europesays.com\/it\/wp-json\/wp\/v2\/media?parent=513216"}],"wp:term":[{"taxonomy":"category","embeddable":true,"href":"https:\/\/www.europesays.com\/it\/wp-json\/wp\/v2\/categories?post=513216"},{"taxonomy":"post_tag","embeddable":true,"href":"https:\/\/www.europesays.com\/it\/wp-json\/wp\/v2\/tags?post=513216"}],"curies":[{"name":"wp","href":"https:\/\/api.w.org\/{rel}","templated":true}]}}