{"id":51329,"date":"2025-08-16T17:59:11","date_gmt":"2025-08-16T17:59:11","guid":{"rendered":"https:\/\/www.europesays.com\/it\/51329\/"},"modified":"2025-08-16T17:59:11","modified_gmt":"2025-08-16T17:59:11","slug":"litalia-sfida-il-giappone-nellultima-amichevole-pre-mondiali","status":"publish","type":"post","link":"https:\/\/www.europesays.com\/it\/51329\/","title":{"rendered":"l\u2019Italia sfida il Giappone nell\u2019ultima amichevole pre-Mondiali"},"content":{"rendered":"<p><strong>L\u2019Italia femminile di Fabio Roselli scender\u00e0 in campo domani, sabato 9 agosto, alle ore 19.30 allo Stadio San Michele di Calvisano per l\u2019ultimo test match di preparazione alla Rugby World Cup<\/strong> che \u2013 per le azzurre \u2013 prender\u00e0 il via il prossimo 23 agosto in Inghilterra. Un\u2019amichevole molto interessante contro un formazione in crescita e che pu\u00f2 dare indicazioni importanti al ct azzurro in vista dell\u2019appuntamento iridato.<\/p>\n<p><strong>L\u2019Italia ha vinto la prima amichevole estiva contro la Scozia e vuole confermarsi contro il Giappone per dimostrare che l\u2019ambizione di puntare non solo a superare la prima fase della RWC 2025<\/strong>, ma di aver messo nel mirino un posto in semifinale non sia folle. E sicuramente le qualit\u00e0 individuali non mancano, con le azzurre che hanno nelle proprie fila diverse giocatrici di livello mondiale e che possono fare la differenza in una competizione dura come quella iridata.<\/p>\n<p>In vista della sfida contro il Giappone, <strong>coach Fabio Roselli ha selezionato una formazione che bilancia esperienza e novit\u00e0, puntando su un mix solido e dinamico<\/strong>. La prima linea sar\u00e0 composta da Turani, Gurioli e Maris, seguite dalla seconda linea Fedrighi-Tounesi, con quest\u2019ultima che festegger\u00e0 il suo cinquantesimo cap in maglia azzurra. La terza linea vedr\u00e0 protagoniste Veronese, Ranuccini e la capitana Elisa Giordano. In mediana agir\u00e0 la collaudata coppia Stefan-Madia, mentre il centro sar\u00e0 affidato alla veterana Beatrice Rigoni e all\u2019esordiente Giada Corradini, classe 2002. Le ali saranno D\u2019Inc\u00e0 e Buso, con Francesca Granzotto confermata estremo per la seconda volta consecutiva.<\/p>\n<p>Pronta a dare il proprio contributo dalla panchina anche una seconda linea di qualit\u00e0, con Vecchini, Stecca, Seye, Frangipani, Locatelli, Bitonci, Stevanin e Capomaggi a disposizione. <strong>Con una formazione solida e ben strutturata, l\u2019Italia si prepara ad affrontare il Giappone con l\u2019obiettivo di confermare la propria crescita<\/strong> e dare spazio a nuove protagoniste del rugby femminile.<\/p>\n","protected":false},"excerpt":{"rendered":"L\u2019Italia femminile di Fabio Roselli scender\u00e0 in campo domani, sabato 9 agosto, alle ore 19.30 allo Stadio San&hellip;\n","protected":false},"author":3,"featured_media":51330,"comment_status":"","ping_status":"","sticky":false,"template":"","format":"standard","meta":{"footnotes":""},"categories":[1458],"tags":[1537,90,89,16726,1840,245,244],"class_list":{"0":"post-51329","1":"post","2":"type-post","3":"status-publish","4":"format-standard","5":"has-post-thumbnail","7":"category-rugby","8":"tag-it","9":"tag-italia","10":"tag-italy","11":"tag-nazionale-italiana-rugby-femminile","12":"tag-rugby","13":"tag-sport","14":"tag-sports"},"share_on_mastodon":{"url":"","error":""},"_links":{"self":[{"href":"https:\/\/www.europesays.com\/it\/wp-json\/wp\/v2\/posts\/51329","targetHints":{"allow":["GET"]}}],"collection":[{"href":"https:\/\/www.europesays.com\/it\/wp-json\/wp\/v2\/posts"}],"about":[{"href":"https:\/\/www.europesays.com\/it\/wp-json\/wp\/v2\/types\/post"}],"author":[{"embeddable":true,"href":"https:\/\/www.europesays.com\/it\/wp-json\/wp\/v2\/users\/3"}],"replies":[{"embeddable":true,"href":"https:\/\/www.europesays.com\/it\/wp-json\/wp\/v2\/comments?post=51329"}],"version-history":[{"count":0,"href":"https:\/\/www.europesays.com\/it\/wp-json\/wp\/v2\/posts\/51329\/revisions"}],"wp:featuredmedia":[{"embeddable":true,"href":"https:\/\/www.europesays.com\/it\/wp-json\/wp\/v2\/media\/51330"}],"wp:attachment":[{"href":"https:\/\/www.europesays.com\/it\/wp-json\/wp\/v2\/media?parent=51329"}],"wp:term":[{"taxonomy":"category","embeddable":true,"href":"https:\/\/www.europesays.com\/it\/wp-json\/wp\/v2\/categories?post=51329"},{"taxonomy":"post_tag","embeddable":true,"href":"https:\/\/www.europesays.com\/it\/wp-json\/wp\/v2\/tags?post=51329"}],"curies":[{"name":"wp","href":"https:\/\/api.w.org\/{rel}","templated":true}]}}