{"id":513354,"date":"2026-05-29T04:36:22","date_gmt":"2026-05-29T04:36:22","guid":{"rendered":"https:\/\/www.europesays.com\/it\/513354\/"},"modified":"2026-05-29T04:36:22","modified_gmt":"2026-05-29T04:36:22","slug":"allenatore-milan-rangnick-vuole-jaissle-incontro-con-pochettino","status":"publish","type":"post","link":"https:\/\/www.europesays.com\/it\/513354\/","title":{"rendered":"Allenatore Milan: Rangnick vuole Jaissle, incontro con Pochettino"},"content":{"rendered":"<p>                                Il c.t. degli Stati Uniti piace molto a Cardinale e ha incontrato Furlani e Moncada la scorsa settimana. Il preferito del tecnico dell&#8217;Austria, che RedBird vorrebbe come capo dell&#8217;area sportiva, per\u00f2 \u00e8 il tedesco dell&#8217;Al Ahli<\/p>\n<p>\n                                                                    Luca Bianchin e Marco Guidi\n                            <\/p>\n<p>                    28 maggio &#8211; 16:55  &#8211; MILANO<\/p>\n<p class=\"paragraph\" spellcheck=\"true\">Il casting per l&#8217;allenatore del Milan per la prossima stagione \u00e8 apertissimo. Si corre, si corre veloci: Gerry Cardinale e Zlatan Ibrahimovic vogliono decidere entro 7-10 giorni e non perdono tempo. I candidati sono diversi e dipendono anche dalla scelta del direttore sportivo. Ralf Rangnick, il preferito di RedBird come capo dell&#8217;area sportiva, candida\u00a0Matthias Jaissle per la panchina rossonera. Chi \u00e8? L&#8217;allenatore dell&#8217;Al Ahli, tedesco, 38 anni, anche lui con un passato nell&#8217;universo Red Bull con il Salisburgo. Il suo presente \u00e8 a Gedda, dove ha vinto due Champions asiatiche consecutive e allena un ex milanista: Franck Kessie. Jaissle ha un contratto fino al 2027 ed \u00e8 pi\u00f9 che interessato a cambiare vita e firmare con il Milan. Se Cardinale e Rangnick arriveranno a una stretta di mano, Jaissle sarebbe un candidato forte. Da capire, nel caso, come potrebbe liberarsi dall&#8217;Al Ahli. Non sarebbe gratis&#8230;<\/p>\n<p>        l&#8217;incontro con pochettino\u2014 \u00a0<\/p>\n<p class=\"paragraph\" spellcheck=\"true\">Il casting per\u00f2 \u00e8 pi\u00f9 ampio di cos\u00ec ed \u00e8 iniziato ben prima che l&#8217;ultima giornata di campionato emettesse il suo verdetto, facendo sprofondare il Milan in Europa League. Giorgio Furlani e Geoffrey Moncada, la scorsa settimana, hanno incontrato Mauricio Pochettino, c.t. degli Stati Uniti, come anticipato da The Athletic. Il contratto di Pochettino con la federazione americana scade dopo il Mondiale, che gli Stati Uniti giocano in casa. La strada non \u00e8 chiusa, perch\u00e9 Pochettino piace molto anche a Gerry Cardinale. Non \u00e8 il favorito ma \u00e8 nell&#8217;elenco degli allenatori con chance di mettere una cravatta rossonera a luglio.\u00a0<\/p>\n<p>        le opzioni iraola e glasner\u2014 \u00a0<\/p>\n<p class=\"paragraph\" spellcheck=\"true\">Jaissle, Pochettino, ma anche Iraola e Glasner. Gli allenatori considerati dal Milan sono diversi e, fino a prova contraria, tutti stranieri. Il primo nome nella lista del Milan \u00e8 sempre stato Andoni Iraola, allenatore del Bournemouth, ipotesi che ha perso forza giorno dopo giorno per il&#8230; ridotto entusiasmo del basco. Andr\u00e0 ad allenare il Crystal Palace? Possibile. E proprio dal Palace, che ieri ha vinto la Conference League, si \u00e8 liberato Oliver Glasner, allenatore austriaco arrivato a fine contratto. Glasner oggi \u00e8 tornato a Londra e nei prossimi giorni decider\u00e0 il suo futuro. Il Milan lo apprezza, il resto andr\u00e0 capito nei prossimi giorni, con una variabile: Pochettino e Rangnick alleneranno al Mondiale, questione che lascia un punto di domanda sulle tempistiche. Complesse, per un Milan che riparte da zero.<\/p>\n<p class=\"is-copyright\">\u00a9 RIPRODUZIONE RISERVATA<\/p>\n","protected":false},"excerpt":{"rendered":"Il c.t. degli Stati Uniti piace molto a Cardinale e ha incontrato Furlani e Moncada la scorsa settimana.&hellip;\n","protected":false},"author":3,"featured_media":513355,"comment_status":"","ping_status":"","sticky":false,"template":"","format":"standard","meta":{"footnotes":"","_share_on_mastodon":"0"},"categories":[1452],"tags":[4983,1960,77951,6095,5831,841,278991,721,52266,777,283867,283868,843,69178,6693,3450,2391,1740,599,32359,223037,261191,11056,399,281266,1537,90,89,283866,553,64279,282518,1739,245,244,3414],"class_list":["post-513354","post","type-post","status-publish","format-standard","has-post-thumbnail","category-calcio","tag-ahli","tag-allenatore","tag-allenatore-milan","tag-allenatori","tag-andra","tag-area","tag-area-sportiva","tag-calcio","tag-candida","tag-capo","tag-capo-area","tag-capo-area-sportiva","tag-cardinale","tag-casting","tag-contratto","tag-corre","tag-diversi","tag-football","tag-furlani","tag-gerry","tag-gerry-cardinale","tag-glasner","tag-incontrato","tag-incontro","tag-iraola","tag-it","tag-italia","tag-italy","tag-jaissle","tag-milan","tag-pochettino","tag-rangnick","tag-soccer","tag-sport","tag-sports","tag-uniti"],"share_on_mastodon":{"url":"https:\/\/pubeurope.com\/@it\/116656013328304855","error":""},"_links":{"self":[{"href":"https:\/\/www.europesays.com\/it\/wp-json\/wp\/v2\/posts\/513354","targetHints":{"allow":["GET"]}}],"collection":[{"href":"https:\/\/www.europesays.com\/it\/wp-json\/wp\/v2\/posts"}],"about":[{"href":"https:\/\/www.europesays.com\/it\/wp-json\/wp\/v2\/types\/post"}],"author":[{"embeddable":true,"href":"https:\/\/www.europesays.com\/it\/wp-json\/wp\/v2\/users\/3"}],"replies":[{"embeddable":true,"href":"https:\/\/www.europesays.com\/it\/wp-json\/wp\/v2\/comments?post=513354"}],"version-history":[{"count":0,"href":"https:\/\/www.europesays.com\/it\/wp-json\/wp\/v2\/posts\/513354\/revisions"}],"wp:featuredmedia":[{"embeddable":true,"href":"https:\/\/www.europesays.com\/it\/wp-json\/wp\/v2\/media\/513355"}],"wp:attachment":[{"href":"https:\/\/www.europesays.com\/it\/wp-json\/wp\/v2\/media?parent=513354"}],"wp:term":[{"taxonomy":"category","embeddable":true,"href":"https:\/\/www.europesays.com\/it\/wp-json\/wp\/v2\/categories?post=513354"},{"taxonomy":"post_tag","embeddable":true,"href":"https:\/\/www.europesays.com\/it\/wp-json\/wp\/v2\/tags?post=513354"}],"curies":[{"name":"wp","href":"https:\/\/api.w.org\/{rel}","templated":true}]}}