{"id":513475,"date":"2026-05-29T06:51:13","date_gmt":"2026-05-29T06:51:13","guid":{"rendered":"https:\/\/www.europesays.com\/it\/513475\/"},"modified":"2026-05-29T06:51:13","modified_gmt":"2026-05-29T06:51:13","slug":"milan-cardinale-ha-deciso-pulisic-nuovo-simbolo-ma-ce-il-tema-rinnovo","status":"publish","type":"post","link":"https:\/\/www.europesays.com\/it\/513475\/","title":{"rendered":"Milan, Cardinale ha deciso: Pulisic nuovo simbolo, ma c&#8217;\u00e8 il tema rinnovo"},"content":{"rendered":"<p>                                Prolungamento in stallo dopo la maxi richiesta. Chris pensava di lasciare, ma tutto pu\u00f2 cambiare<\/p>\n<p class=\"paragraph\" spellcheck=\"true\">Il 2026 rossonero \u00e8 stato l\u2019anno pi\u00f9 triste della carriera: senza gol e con l\u2019obiettivo Champions che sfuma a fine stagione. Per Pulisic si apre per\u00f2 l\u2019occasione di una clamorosa riscossa: sar\u00e0 il simbolo della nazionale degli Stati Uniti al Mondiale casalingo. Chris far\u00e0 da padrone di casa mentre nell\u2019ultimo periodo al Milan si sentiva quasi a disagio, messo all\u2019angolo. Per sua natura non \u00e8 un chiacchierone e neppure un estroverso: nella sua riservatezza aveva per\u00f2 fatto sapere al club di non volere prolungare la sua avventura rossonera. Non a caso non c\u2019\u00e8  stato un seguito alle trattative per il rinnovo del contratto in scadenza nell\u2019estate del  2027. Tutto per\u00f2 pu\u00f2 cambiare in questa ennesima, pazza, estate milanista, compreso il destino di Pulisic.\u00a0<\/p>\n<p>    qualit\u00e0\u2014 \u00a0<\/p>\n<p class=\"paragraph is-inline\" spellcheck=\"true\">Indipendentemente da come andr\u00e0 il Mondiale Usa, Cardinale, patron americano del Milan, resta convinto di voler fare di Chris l\u2019uomo simbolo del nuovo corso. In lui Gerry ha comunque visto un senso di appartenenza e un attaccamento alla squadra che andava oltre le prestazioni in campo. Se la nazionale gli restituir\u00e0 anche il sorriso, meglio ancora. Intanto potrebbe regalargli il prossimo allenatore: da ct alla panchina rossonera, un percorso che Mauricio Pochettino potrebbe compiere subito dopo la rassegna da commissario tecnico. Con Pulisic il rapporto \u00e8 buono nonostante lo abbia privato della fascia da capitano: sono state per\u00f2 numerose le volte in cui anche Pochettino lo ha difeso dalla critica. E qualsiasi sia il prossimo allenatore, non potr\u00e0 non riconoscere in Pulisic qualit\u00e0 e talento. A ventisette anni \u00e8 un giocatore nel pieno della maturit\u00e0 professionale: non troppo giovane (al Milan gi\u00e0 42 gol in 134 partite) n\u00e9 troppo esperto, fattore-et\u00e0 che la corrente Rangnick non vedrebbe di buon occhio.\u00a0<\/p>\n<p>    dialogo\u2014 \u00a0<\/p>\n<p class=\"paragraph is-inline\" spellcheck=\"true\">Ci sarebbe a questo punto da riavviare i dialoghi per il rinnovo, oltre che per convincere Pulisic della sua centralit\u00e0 nel nuovo corso. L\u2019ingaggio attuale \u00e8 di quattro milioni: nelle ultime interlocuzioni per il prolungamento pare che la richiesta sia stata addirittura quella di raddoppiare lo stipendio. Richiesta fuori mercato, forse anche provocatoria, di certo non giustificata dagli ultimi mesi in campo: l\u2019ultimo gol risale al 28 dicembre 2025. L\u2019offerta sar\u00e0 molto pi\u00f9 bassa ma la differenza pu\u00f2 farla il resto: un ruolo che di nuovo lo valorizzi, un allenatore che lo conosce, come Pochettino, o che comunque vorr\u00e0 valorizzarne le caratteristiche, come i giochisti della scuola Rangnick.  Certo  Chris potr\u00e0 chiedere un contratto in stile Leao e Maignan, gli altri attuali paperoni della rosa. Ma senza pensare di alzare ulteriormente  il tetto stipendi del club. Era stato lo stesso Cardinale a dettare la nuova linea, subito dopo il fallimento di quella attuale: sar\u00e0 pi\u00f9 vicino alla gestione quotidiana del club. Il prolungamento del contratto di Pulisic \u00e8 una di quelle pratiche che un tempo avrebbe delegato e che ora invece vorr\u00e0 seguire da molto  vicino.<\/p>\n<p class=\"is-copyright\">\u00a9 RIPRODUZIONE RISERVATA<\/p>\n","protected":false},"excerpt":{"rendered":"Prolungamento in stallo dopo la maxi richiesta. Chris pensava di lasciare, ma tutto pu\u00f2 cambiare Il 2026 rossonero&hellip;\n","protected":false},"author":3,"featured_media":512342,"comment_status":"","ping_status":"","sticky":false,"template":"","format":"standard","meta":{"footnotes":"","_share_on_mastodon":"0"},"categories":[1452],"tags":[3811,283967,1960,1963,721,2554,921,843,12277,554,6693,790,1533,1740,1976,1537,90,89,553,1353,64279,8014,178199,4262,283966,13196,4963,282518,5641,21730,21100,20333,1739,245,244,26783],"class_list":["post-513475","post","type-post","status-publish","format-standard","has-post-thumbnail","category-calcio","tag-addirittura","tag-addirittura-raddoppiare","tag-allenatore","tag-attuale","tag-calcio","tag-cambiare","tag-campo","tag-cardinale","tag-chris","tag-club","tag-contratto","tag-corso","tag-estate","tag-football","tag-gol","tag-it","tag-italia","tag-italy","tag-milan","tag-mondiale","tag-pochettino","tag-potra","tag-prolungamento","tag-prossimo","tag-prossimo-allenatore","tag-pulisic","tag-qualita","tag-rangnick","tag-richiesta","tag-rinnovo","tag-rossonera","tag-simbolo","tag-soccer","tag-sport","tag-sports","tag-vorra"],"share_on_mastodon":{"url":"https:\/\/pubeurope.com\/@it\/116656543443013684","error":""},"_links":{"self":[{"href":"https:\/\/www.europesays.com\/it\/wp-json\/wp\/v2\/posts\/513475","targetHints":{"allow":["GET"]}}],"collection":[{"href":"https:\/\/www.europesays.com\/it\/wp-json\/wp\/v2\/posts"}],"about":[{"href":"https:\/\/www.europesays.com\/it\/wp-json\/wp\/v2\/types\/post"}],"author":[{"embeddable":true,"href":"https:\/\/www.europesays.com\/it\/wp-json\/wp\/v2\/users\/3"}],"replies":[{"embeddable":true,"href":"https:\/\/www.europesays.com\/it\/wp-json\/wp\/v2\/comments?post=513475"}],"version-history":[{"count":0,"href":"https:\/\/www.europesays.com\/it\/wp-json\/wp\/v2\/posts\/513475\/revisions"}],"wp:featuredmedia":[{"embeddable":true,"href":"https:\/\/www.europesays.com\/it\/wp-json\/wp\/v2\/media\/512342"}],"wp:attachment":[{"href":"https:\/\/www.europesays.com\/it\/wp-json\/wp\/v2\/media?parent=513475"}],"wp:term":[{"taxonomy":"category","embeddable":true,"href":"https:\/\/www.europesays.com\/it\/wp-json\/wp\/v2\/categories?post=513475"},{"taxonomy":"post_tag","embeddable":true,"href":"https:\/\/www.europesays.com\/it\/wp-json\/wp\/v2\/tags?post=513475"}],"curies":[{"name":"wp","href":"https:\/\/api.w.org\/{rel}","templated":true}]}}