{"id":513523,"date":"2026-05-29T07:36:33","date_gmt":"2026-05-29T07:36:33","guid":{"rendered":"https:\/\/www.europesays.com\/it\/513523\/"},"modified":"2026-05-29T07:36:33","modified_gmt":"2026-05-29T07:36:33","slug":"il-sindaco-di-barcellona-stop-ai-bb-entro-il-2028-noi-e-firenze-sulla-strada-giusta-contro-gli-affitti-brevi-per-i-turisti","status":"publish","type":"post","link":"https:\/\/www.europesays.com\/it\/513523\/","title":{"rendered":"Il sindaco di Barcellona: \u201cStop ai B&#038;B entro il 2028.\u00a0Noi e Firenze sulla strada giusta contro gli affitti brevi per i turisti\u201d"},"content":{"rendered":"<p>Firenze \u2013\u00a0La vivibilit\u00e0<strong> <\/strong>dei cittadini prima di tutto. \u00c8 lo slogan che fa da ponte tra due citt\u00e0 distanti oltre settecento chilometri: <a rel=\"follow nofollow noopener\" href=\"https:\/\/www.lanazione.it\/firenze\/cronaca\/affitti-brevi-firenze-\" target=\"_blank\"><strong>Firenze e Barcellona<\/strong><\/a>. Entrambe hanno imposto una serie di politiche abitative per arginare il fenomeno delle locazioni a breve termine. Una battaglia politica e sociale, che divide, ma porta anche i suoi frutti, ci racconta <strong>il sindaco di Barcellona<\/strong>, <strong>Jaume Collboni<\/strong>. <\/p>\n<p><strong>Collboni, Firenze come Barcellona mette un freno alla bolla degli affitti a breve termine. Che cosa ne pensa?<\/strong><\/p>\n<p>\u201cA Barcellona stiamo cambiando le regole del gioco per garantire il diritto all\u2019abitare. Ci stiamo concentrando su due fronti: la regolamentazione a breve termine per mitigare l\u2019impatto, e la costruzione a lungo termine per generare alternative future. Credo sia molto positivo che<a rel=\"follow nofollow noopener\" href=\"https:\/\/www.lanazione.it\/firenze\/cronaca\/affitti-brevi-nuove-regole-ajq9duon\" target=\"_blank\"> la sindaca Funaro<\/a>, con il quale ho un ottimo rapporto, si stia muovendo nella stessa direzione; significa che le citt\u00e0 europee stanno agendo per affrontare la principale fonte di disuguaglianza sociale odierna, ovvero la crisi abitativa\u201d. <\/p>\n<p><strong>Che risultati avete ottenuto?<\/strong><\/p>\n<p>\u201cCredo sinceramente che stiamo avendo successo, per tre ragioni distinte: primo, siamo riusciti a contenere l\u2019aumento del 70% degli affitti negli ultimi 10 anni. Grazie ai nostri regolamenti, i prezzi sono diminuiti del 2,7% e il numero di contratti continua ad aumentare. Secondo, gli appartamenti turistici scompariranno da Barcellona entro il 2028. Restituiremo al mercato residenziale 10mila appartamenti attualmente utilizzati come alloggi turistici, disponibili per la vendita o l\u2019affitto. E terzo, abbiamo raddoppiato la produzione di alloggi pubblici\u201d. <\/p>\n<p> <img alt=\"Sara Funaro illustra il piano per gli affitti turistici a Firenze (Giuseppe Cabras\/New Press Photo)\" loading=\"lazy\" width=\"4000\" height=\"2666\" decoding=\"async\" data-nimg=\"1\" style=\"color:transparent;max-width:100%;height:auto\"   src=\"https:\/\/www.europesays.com\/it\/wp-content\/uploads\/2026\/05\/sara-funaro-illustra-il-piano-per-gli-affitti-turistici-a-firenze-giuseppe-cabras-new-press-photo.we.webp\"\/><\/p>\n<p>Sara Funaro illustra il piano per gli affitti turistici a Firenze (Giuseppe Cabras\/New Press Photo)<\/p>\n<p><strong>Funaro afferma che tra qualche anno ci sar\u00e0 una diminuzione dei prezzi degli affitti e delle vendite immobiliari. \u00c8 successo anche a Barcellona?<\/strong><\/p>\n<p>\u201cA Barcellona, la regolamentazione degli affitti ha avuto un duplice effetto: da un lato, i prezzi dei nuovi contratti di locazione sono stati contenuti e hanno addirittura iniziato a diminuire, nello specifico del 2,7% tra marzo 2024 e dicembre 2025. Attualmente, l\u2019affitto medio a Barcellona \u00e8 di 1.160 euro al mese. Dall\u2019altro lato, l\u2019offerta di alloggi in affitto ha continuato ad aumentare: attualmente a Barcellona ci sono 1.370 contratti in pi\u00f9 rispetto a prima dell\u2019entrata in vigore della regolamentazione\u201d. <\/p>\n<p>Approfondisci:<\/p>\n<p><a href=\"https:\/\/www.lanazione.it\/firenze\/cronaca\/affitti-brevi-mappa-zone-fuori-centro-firenze-gsf3e6gi\" class=\"ArticleEmbed_article__embed__content__Jzqnz\" rel=\"nofollow noopener\" target=\"_blank\">La stretta contro gli affitti brevi a Firenze si allarga fuori dal centro: la mappa delle nuove zone dove scatta il blocco<img alt=\"La stretta contro gli affitti brevi a Firenze si allarga fuori dal centro: la mappa delle nuove zone dove scatta il blocco\" loading=\"lazy\" width=\"140\" height=\"78\" decoding=\"async\" data-nimg=\"1\" style=\"color:transparent\"  src=\"https:\/\/www.europesays.com\/it\/wp-content\/uploads\/2026\/05\/firenze-affitti-brevi-limitati-anche-fuori-dal-centro-storico-la-mappa-delle-zone-a-cui-viene-esteso.webp\"\/><\/a> <\/p>\n<p><strong>Avete raggiunto un equilibrio: \u00e8 possibile conciliare il turismo con il diritto all\u2019abitazione dei cittadini?<\/strong><\/p>\n<p>\u201c\u00c8 possibile, e per farlo, il diritto all\u2019abitazione dei cittadini deve essere prioritario. Il turismo \u00e8 e continua a essere un\u2019attivit\u00e0 economica necessaria per la nostra citt\u00e0. Ma il turismo deve essere al servizio della citt\u00e0, non la citt\u00e0 al servizio del turismo. Ci\u00f2 che non pu\u00f2 accadere, in ogni caso, \u00e8 che il turismo abbia un impatto straordinariamente negativo su un diritto fondamentale dei cittadini, come il diritto all\u2019abitazione\u201d. <\/p>\n<p> <img alt=\"Blitz ontro gli affitti brevi del comitato Salviamo Firenze\" loading=\"lazy\" width=\"1200\" height=\"600\" decoding=\"async\" data-nimg=\"1\" style=\"color:transparent;max-width:100%;height:auto\"   src=\"https:\/\/www.europesays.com\/it\/wp-content\/uploads\/2026\/05\/blitz-ontro-gli-affitti-brevi-del-comitato-salviamo-firenze.webp\"\/><\/p>\n<p>Blitz ontro gli affitti brevi del comitato Salviamo Firenze<\/p>\n<p><strong>Vi aspetta una lunga battaglia: quali sono i prossimi passi del vostro piano?<\/strong><\/p>\n<p>\u201cDa Barcellona, e so che la sindaca Funaro condivide questa opinione, crediamo che l\u2019Unione europea debba svolgere un ruolo fondamentale nella ricerca di soluzioni alla crisi abitativa. Sono gi\u00e0 stati compiuti passi decisivi in questa direzione: per la prima volta c\u2019\u00e8 un Commissario europeo dedicato all\u2019edilizia abitativa e la Commissione ha anche pubblicato per la prima volta un Piano per l\u2019edilizia abitativa a prezzi accessibili. Quindi, \u00e8 vero che si stanno facendo dei passi avanti, ma abbiamo bisogno di finanziamenti, di capacit\u00e0 normativa e di potere decisionale per garantire che l\u2019Ue sia un alleato nella lotta contro la crisi abitativa\u201d. <\/p>\n<p><strong>Entrambi state guidando una grande rivoluzione per le citt\u00e0 e per la nazione: un messaggio per Funaro?<\/strong><\/p>\n<p>\u201cA Barcellona siamo molto lieti di avere Firenze e la sua sindaca al nostro fianco in questa battaglia per l\u2019edilizia abitativa che stiamo conducendo a livello europeo, e mi fa anche molto piacere vedere che le misure che stiamo adottando a Barcellona servono da ispirazione per affrontare la crisi in altre citt\u00e0\u201d.<\/p>\n","protected":false},"excerpt":{"rendered":"Firenze \u2013\u00a0La vivibilit\u00e0 dei cittadini prima di tutto. \u00c8 lo slogan che fa da ponte tra due citt\u00e0&hellip;\n","protected":false},"author":3,"featured_media":513524,"comment_status":"","ping_status":"","sticky":false,"template":"","format":"standard","meta":{"footnotes":"","_share_on_mastodon":"0"},"categories":[79],"tags":[28644,351,35365,14,93,94,2266,1374,1537,90,89,7,15,19,24960,3726,16193,11,84,91,12,85,92],"class_list":["post-513523","post","type-post","status-publish","format-standard","has-post-thumbnail","category-italia","tag-affitti","tag-barcellona","tag-brevi","tag-cronaca","tag-cronaca-italiana","tag-cronacaitaliana","tag-firenze","tag-giusta","tag-it","tag-italia","tag-italy","tag-news","tag-notizie","tag-sindaco","tag-stop","tag-strada","tag-turisti","tag-ultime-notizie","tag-ultime-notizie-e-news-di-oggi","tag-ultime-notizie-italia","tag-ultimenotizie","tag-ultimenotizieenewsdioggi","tag-ultimenotizieitalia"],"share_on_mastodon":{"url":"https:\/\/pubeurope.com\/@it\/116656721085722249","error":""},"_links":{"self":[{"href":"https:\/\/www.europesays.com\/it\/wp-json\/wp\/v2\/posts\/513523","targetHints":{"allow":["GET"]}}],"collection":[{"href":"https:\/\/www.europesays.com\/it\/wp-json\/wp\/v2\/posts"}],"about":[{"href":"https:\/\/www.europesays.com\/it\/wp-json\/wp\/v2\/types\/post"}],"author":[{"embeddable":true,"href":"https:\/\/www.europesays.com\/it\/wp-json\/wp\/v2\/users\/3"}],"replies":[{"embeddable":true,"href":"https:\/\/www.europesays.com\/it\/wp-json\/wp\/v2\/comments?post=513523"}],"version-history":[{"count":0,"href":"https:\/\/www.europesays.com\/it\/wp-json\/wp\/v2\/posts\/513523\/revisions"}],"wp:featuredmedia":[{"embeddable":true,"href":"https:\/\/www.europesays.com\/it\/wp-json\/wp\/v2\/media\/513524"}],"wp:attachment":[{"href":"https:\/\/www.europesays.com\/it\/wp-json\/wp\/v2\/media?parent=513523"}],"wp:term":[{"taxonomy":"category","embeddable":true,"href":"https:\/\/www.europesays.com\/it\/wp-json\/wp\/v2\/categories?post=513523"},{"taxonomy":"post_tag","embeddable":true,"href":"https:\/\/www.europesays.com\/it\/wp-json\/wp\/v2\/tags?post=513523"}],"curies":[{"name":"wp","href":"https:\/\/api.w.org\/{rel}","templated":true}]}}