{"id":513531,"date":"2026-05-29T07:46:15","date_gmt":"2026-05-29T07:46:15","guid":{"rendered":"https:\/\/www.europesays.com\/it\/513531\/"},"modified":"2026-05-29T07:46:15","modified_gmt":"2026-05-29T07:46:15","slug":"sta-nascendo-teamco-glasenberg-visma-lidl-trek-e-altri-investitori-uniti-per-un-nuovo-modello-di-business","status":"publish","type":"post","link":"https:\/\/www.europesays.com\/it\/513531\/","title":{"rendered":"STA NASCENDO TEAMCO: GLASENBERG, VISMA, LIDL-TREK E ALTRI INVESTITORI UNITI PER UN NUOVO MODELLO DI BUSINESS"},"content":{"rendered":"<p>            <a class=\"category\" href=\"https:\/\/www.tuttobiciweb.it\/articles\/category\/APPROFONDIMENTI\" itemprop=\"about\" rel=\"nofollow noopener\" target=\"_blank\">APPROFONDIMENTI<\/a> | 29\/05\/2026 | 08:21<br \/>\n            <a class=\"author\" href=\"https:\/\/www.tuttobiciweb.it\/articles\/author\/Nicol%C3%B2%20Vallone\" rel=\"nofollow noopener\" target=\"_blank\">di Nicol\u00f2 Vallone<\/a><\/p>\n<p>Che il ciclismo abbia un modello di business insostenibile \u00e8 un fatto con cui dobbiamo fare, letteralmente, i conti: sponsor come unica fonte o quasi di budget delle squadre, nessun ricavo da biglietti degli spettatori n\u00e9 dai diritti tv, che in maniera francamente anacronistica sono ancora appannaggio solo degli organizzatori senza una ripartizione tra i team. Un meccanismo <a href=\"https:\/\/www.tuttobiciweb.it\/article\/1759926886\" target=\"_blank\" rel=\"noopener nofollow\">gi\u00e0 ben stigmatizzato dal nostro direttore<\/a> e che sta mettendo in crescente difficolt\u00e0 il sistema ciclistico mondiale e sta inducendo diversi attori protagonisti a correre ai ripari.\n            <\/p>\n<p>Come svelato da Escape Collective, e come confermato da nostre fonti, <strong>gran parte del World Tour e la cr\u00e8me della categoria Professional sta dando vita a TeamCo<\/strong>, un progetto nato lo scorso autunno da sei investitori iniziali, tra cui il miliardario <strong>Ivan Glasenberg<\/strong> (il &#8220;signor Pinarello Q36.5&#8221;) e le propriet\u00e0 di <strong>Visma Lease a Bike e Lidl Trek<\/strong>. Il punto di partenza sarebbero <strong>25 milioni di euro<\/strong> di capitale di partenza, <strong>destinati a crescere<\/strong> con l&#8217;aumento delle adesioni. Lo scopo \u00e8 quello di ottimizzare la portata e la gestione dei <strong>diritti commerciali<\/strong>, aumentare la <strong>sostenibilit\u00e0 finanziaria<\/strong> e lo <strong>spettacolo<\/strong> del ciclismo.\n            <\/p>\n<p>Come ci\u00f2 avverr\u00e0 in concreto, e quale sia il modello di business alternativo a quello attuale che TeamCo presenter\u00e0 alla UCI, per ora possiamo &#8220;divertirci&#8221; a immaginarlo e, quando in un futuro forse prossimo tutte le carte saranno definite e firmate, osservarlo direttamente.<\/p>\n<p>\n    <a href=\"https:\/\/www.tuttobiciweb.it\/article\/2026\/05\/29\/1779994853\/teamco-business-cycling-glasenberg-visma-lidl-trek?lang=en\" rel=\"nofollow noopener\" target=\"_blank\"><img decoding=\"async\" src=\"https:\/\/www.europesays.com\/it\/wp-content\/uploads\/2025\/12\/enver.png\"\/><\/a><\/p>\n<p>Copyright &amp;copy TBW<\/p>\n","protected":false},"excerpt":{"rendered":"APPROFONDIMENTI | 29\/05\/2026 | 08:21 di Nicol\u00f2 Vallone Che il ciclismo abbia un modello di business insostenibile \u00e8&hellip;\n","protected":false},"author":3,"featured_media":513532,"comment_status":"","ping_status":"","sticky":false,"template":"","format":"standard","meta":{"footnotes":"","_share_on_mastodon":"0"},"categories":[1456],"tags":[177,1824,1825,284000,1537,90,89,7685,245,244,283999,41374],"class_list":["post-513531","post","type-post","status-publish","format-standard","has-post-thumbnail","category-ciclismo","tag-business","tag-ciclismo","tag-cycling","tag-glasenberg","tag-it","tag-italia","tag-italy","tag-lidl-trek","tag-sport","tag-sports","tag-teamco","tag-visma"],"share_on_mastodon":{"url":"https:\/\/pubeurope.com\/@it\/116656759768119295","error":""},"_links":{"self":[{"href":"https:\/\/www.europesays.com\/it\/wp-json\/wp\/v2\/posts\/513531","targetHints":{"allow":["GET"]}}],"collection":[{"href":"https:\/\/www.europesays.com\/it\/wp-json\/wp\/v2\/posts"}],"about":[{"href":"https:\/\/www.europesays.com\/it\/wp-json\/wp\/v2\/types\/post"}],"author":[{"embeddable":true,"href":"https:\/\/www.europesays.com\/it\/wp-json\/wp\/v2\/users\/3"}],"replies":[{"embeddable":true,"href":"https:\/\/www.europesays.com\/it\/wp-json\/wp\/v2\/comments?post=513531"}],"version-history":[{"count":0,"href":"https:\/\/www.europesays.com\/it\/wp-json\/wp\/v2\/posts\/513531\/revisions"}],"wp:featuredmedia":[{"embeddable":true,"href":"https:\/\/www.europesays.com\/it\/wp-json\/wp\/v2\/media\/513532"}],"wp:attachment":[{"href":"https:\/\/www.europesays.com\/it\/wp-json\/wp\/v2\/media?parent=513531"}],"wp:term":[{"taxonomy":"category","embeddable":true,"href":"https:\/\/www.europesays.com\/it\/wp-json\/wp\/v2\/categories?post=513531"},{"taxonomy":"post_tag","embeddable":true,"href":"https:\/\/www.europesays.com\/it\/wp-json\/wp\/v2\/tags?post=513531"}],"curies":[{"name":"wp","href":"https:\/\/api.w.org\/{rel}","templated":true}]}}