{"id":513558,"date":"2026-05-29T08:03:21","date_gmt":"2026-05-29T08:03:21","guid":{"rendered":"https:\/\/www.europesays.com\/it\/513558\/"},"modified":"2026-05-29T08:03:21","modified_gmt":"2026-05-29T08:03:21","slug":"milano-gianluca-ibarra-silvera-ucciso-dalla-gang-in-stazione-la-pista-dello-scambio-di-persona-il-fratello-li-avevamo-incrociati-e-dicevano-siamo-i-re","status":"publish","type":"post","link":"https:\/\/www.europesays.com\/it\/513558\/","title":{"rendered":"Milano, Gianluca Ibarra Silvera ucciso dalla gang in stazione: la pista dello scambio di persona. Il fratello: \u00abLi avevamo incrociati e dicevano: siamo i re\u00bb"},"content":{"rendered":"<p>    di<br \/>\n    Pierpaolo Lio<\/p>\n<p class=\"summary-art is-line-h-12\">Il 22enne \u00e8 stato ucciso alla stazione Certosa tra marted\u00ec e mercoled\u00ec: testimoni hanno riferito di una rissa precedente. Prende piede l&#8217;ipotesi di una vendetta nei confronti del ragazzo sbagliato<\/p>\n<p class=\"chapter-paragraph\"><b>Il quartiere racconta con insistenza di un \u00abprecedente\u00bb. <\/b>Di poche ore prima. <b>Un\u2019altra rissa tra ragazzi sudamericani.<\/b> Sempre alla stazione di Certosa. Nel primo pomeriggio di marted\u00ec. E una delle \u00abfazioni\u00bb coinvolte sarebbe la stessa che a sera, alle 22.30, <a href=\"https:\/\/milano.corriere.it\/notizie\/cronaca\/26_maggio_27\/22enne-ucciso-da-una-gang-in-stazione-a-milano-la-lite-l-inseguimento-e-le-coltellate-mortali-702e4622-c667-460e-a496-614de1b4fxlk.shtml\" title=\"22enne ucciso da una gang in stazione a Milano: la lite, l\u2019inseguimento e le coltellate mortali\" rel=\"nofollow noopener\" target=\"_blank\">ha poi aggredito i fratelli Ibarra (e un loro amico)<\/a>, riuscendo a raggiungere il pi\u00f9 grande,<b> il 22enne Gianluca, uccidendolo con una furia di fendenti alle gambe<\/b>, tra cui quello letale che gli ha reciso l\u2019arteria femorale.<\/p>\n<p class=\"chapter-paragraph\"><a href=\"https:\/\/milano.corriere.it\/notizie\/cronaca\/26_maggio_28\/l-omicidio-a-milano-certosa-infiamma-la-polemica-politica-sala-no-alle-strumentalizzazioni-ma-sono-favorevole-al-taser-fontana-7324bab3-4970-4b12-a203-0c5a578fexlk.shtml\" title=\"L&#039;omicidio a Milano Certosa infiamma la polemica politica. Sala: \u00abNo alle strumentalizzazioni, ma sono favorevole al taser\u00bb. Fontana: \u00abAvete negato il problema criminalit\u00e0\u00bb\" rel=\"nofollow noopener\" target=\"_blank\">Quell\u2019agguato \u00aba freddo\u00bb \u00e8 stato poi raccontato ai poliziotti <\/a>dal pi\u00f9 giovane dei due, il 20enne Gianfranco: <b>\u00abScappando anche io sono caduto, ma sono riuscito ad alzarmi e mettermi in salvo<\/b>. Mio fratello \u00e8 caduto tre volte, ed \u00e8 stato raggiunto e aggredito\u00bb. Di quello che \u00e8 successo non \u00e8 riuscito a dire molto altro. \u00abMi sono nascosto: avevo molta paura\u00bb, la sua ammissione. Ha visto solo tante ombre scure che s\u2019ammassavano su \u00abLuquita\u00bb, colpendolo a ripetizione.    &#13;<br \/>\n&#13;<br \/>\n&#13;<br \/>\n&#13;<br \/>\n&#13;<br \/>\n&#13;<br \/>\n&#13;<br \/>\n&#13;<br \/>\n&#13;<br \/>\n&#13;<br \/>\n&#13;<br \/>\n&#13;<br \/>\n&#13;<br \/>\n&#13;<br \/>\n&#13;<br \/>\n&#13;<br \/>\n&#13;<br \/>\n&#13;<br \/>\n&#13;<br \/>\n&#13;<br \/>\n&#13;<br \/>\n&#13;<br \/>\n&#13;<br \/>\n&#13;<br \/>\n&#13;<br \/>\n&#13;<br \/>\n&#13;<br \/>\n&#13;<br \/>\n&#13;<br \/>\n&#13;<br \/>\n&#13;<br \/>\n&#13;<br \/>\n&#13;<br \/>\n&#13;<br \/>\n&#13;<br \/>\n&#13;<br \/>\n&#13;<br \/>\n&#13;<br \/>\n&#13;<br \/>\n&#13;<br \/>\n&#13;<br \/>\n&#13;<br \/>\n&#13;<br \/>\n&#13;<br \/>\n&#13;<br \/>\n&#13;<br \/>\n&#13;<br \/>\n&#13;<br \/>\n&#13;<br \/>\n&#13;<br \/>\n&#13;<br \/>\n&#13;<br \/>\n&#13;\n<\/p>\n<p class=\"chapter-paragraph\">Gli investigatori della squadra mobile \u2014 guidati da Alfonso Iadevaia, e coordinati dal pm Elio Ramondini e dall\u2019aggiunto Bruna Albertini \u2014 <b>stanno lavorando sulle immagini delle (tante) telecamere.<\/b> Della stazione. Dei treni. Delle vie attorno. L\u2019analisi procede in parallelo. Da una parte, s<b>i studia ogni dettaglio di ogni frame,<\/b> per identificare i quindici assatanati che si sono accaniti contro la vittima, morta poco dopo il trasporto d\u2019urgenza all\u2019ospedale Fatebenefratelli. Alcuni sono saliti subito a bordo di un treno diretto a Treviglio, scendendo per\u00f2 molto prima. Altri si sarebbero allontanati di corsa dalla stazione.\u00a0<\/p>\n<p class=\"chapter-paragraph\"><b>Dall\u2019altra parte, gli inquirenti procedono a ritroso, per trovare riscontri a quella \u00abvoce\u00bb del quartiere <\/b>(riferita anche dal fratello della vittima, che l\u2019avrebbe sentita al minimarket dove era andato prima dell\u2019assalto). Un\u2019ipotesi che gli investigatori ritengono credibile. Si cercano riscontri, soprattutto riprese, di quel \u00abprecedente\u00bb che  spiegherebbe il moltiplicarsi degli aggressori. Che solo poco prima \u00aberano sei\u00bb, che si atteggiavano a Latin Kings, pandilla di latinos protagonista in passato di diversi episodi criminali tra Milano e Genova. Ma pi\u00f9 tardi, sui binari, erano almeno tre volte tanti, con alcuni \u00abrinforzi\u00bb che sarebbero scesi da un treno. <a href=\"https:\/\/milano.corriere.it\/notizie\/cronaca\/26_maggio_28\/gianluca-ibarra-silvera-padre-ca6b8bae-d3e3-4fad-ab48-a009a1562xlk.shtml\" title=\"Il padre di Gianluca Ibarra Silvera, ucciso alla stazione Milano Certosa: \u00abEra bravo e buono. L\u2019hanno ammazzato senza una ragione\u00bb\" rel=\"nofollow noopener\" target=\"_blank\">L\u2019aveva riferito Wilmer, il pap\u00e0 dei due ragazzi.<\/a> L\u2019ha messo a verbale anche Gianfranco: \u00abIl gruppo che ci ha aggredito lo avevamo incrociato una prima volta quando abbiamo accompagnato mio padre a casa \u2014 la sua ricostruzione della giornata \u2014. <b>Ci hanno detto che loro erano \u201ci re\u201d<\/b>\u00bb, riferimento proprio alla gang, \u00abma noi li abbiamo ignorati e siamo andati via\u00bb. In seguito,  una volta in stazione, \u00abci hanno visto e immediatamente sono venuti verso di noi urlando in spagnolo\u00bb.<\/p>\n<p class=\"chapter-paragraph\">Se cos\u00ec fosse, se ci fosse stata davvero quella prima rissa, il rischio, che per ora \u00e8 solo un\u2019ipotesi, <b>\u00e8 che Gianluca Ibarra Silvera <\/b>\u2014 giovane lavoratore di origini ecuadoriane, per tutti \u00abun bravissimo ragazzo\u00bb, senza nessun guaio e tantomeno legami con pandillas \u2014 <b>sia stato ucciso per uno \u00abscambio di persona\u00bb<\/b>. Gli aggressori potrebbero aver preso i tre che aspettavano il treno per tornare a casa a Segrate, e cio\u00e9 i fratelli e l\u2019amico 33enne colombiano che \u00e8 riuscito subito a fuggire, per componenti di quel gruppo con cui s\u2019erano azzuffati attorno alle 15. E contro i quali volevano \u00abvendicarsi\u00bb.<\/p>\n<p class=\"is-mr-t-20 is-mr-b-20\"><b><br \/>\n                    <a href=\"https:\/\/milano.corriere.it\/?intcmp=Notizielocali_nd_010623_corriere_ss_milano\" target=\"_blank\" rel=\"nofollow noopener\">Vai a tutte le notizie di Milano<\/a><br \/>\n            <\/b><\/p>\n<p class=\"chapter-paragraph\"><b><a href=\"https:\/\/www.corriere.it\/newsletter\/?theme=41&amp;intcmp=IIIcolonna_NL_CorMilano\" target=\"_blank\" rel=\"nofollow noopener\">Iscriviti alla newsletter di Corriere Milano<\/a><\/b><\/p>\n<p class=\"is-last-update\" datetime=\"2026-05-29T07:16:48+02:00\">29 maggio 2026<\/p>\n<p class=\"is-copyright\">\n            \u00a9 RIPRODUZIONE RISERVATA\n        <\/p>\n","protected":false},"excerpt":{"rendered":"di Pierpaolo Lio Il 22enne \u00e8 stato ucciso alla stazione Certosa tra marted\u00ec e mercoled\u00ec: testimoni hanno riferito&hellip;\n","protected":false},"author":3,"featured_media":513559,"comment_status":"","ping_status":"","sticky":false,"template":"","format":"standard","meta":{"footnotes":"","_share_on_mastodon":"0"},"categories":[79],"tags":[8423,8419,2537,4008,11277,4643,52391,14,93,94,322,3688,55610,58518,10796,282734,282735,229,23608,282732,21838,2460,1537,90,89,1427,28,7,15,1915,6427,14038,1699,5402,2516,795,119066,9764,3353,4578,284004,282733,535,284005,659,14019,4584,11,84,91,12,85,92],"class_list":["post-513558","post","type-post","status-publish","format-standard","has-post-thumbnail","category-italia","tag-aggredito","tag-aggressori","tag-altra","tag-amico","tag-attorno","tag-caduto","tag-certosa","tag-cronaca","tag-cronaca-italiana","tag-cronacaitaliana","tag-fratelli","tag-fratello","tag-gang","tag-gianfranco","tag-gianluca","tag-gianluca-ibarra","tag-gianluca-ibarra-silvera","tag-giovane","tag-ibarra","tag-ibarra-silvera","tag-investigatori","tag-ipotesi","tag-it","tag-italia","tag-italy","tag-martedi","tag-milano","tag-news","tag-notizie","tag-persona","tag-precedente","tag-quartiere","tag-ragazzi","tag-ragazzo","tag-re","tag-riferito","tag-riscontri","tag-rissa","tag-riuscito","tag-scambio","tag-scambio-persona","tag-silvera","tag-stazione","tag-stazione-certosa","tag-tante","tag-treno","tag-ucciso","tag-ultime-notizie","tag-ultime-notizie-e-news-di-oggi","tag-ultime-notizie-italia","tag-ultimenotizie","tag-ultimenotizieenewsdioggi","tag-ultimenotizieitalia"],"share_on_mastodon":{"url":"","error":"Validation failed: Text character limit of 500 exceeded"},"_links":{"self":[{"href":"https:\/\/www.europesays.com\/it\/wp-json\/wp\/v2\/posts\/513558","targetHints":{"allow":["GET"]}}],"collection":[{"href":"https:\/\/www.europesays.com\/it\/wp-json\/wp\/v2\/posts"}],"about":[{"href":"https:\/\/www.europesays.com\/it\/wp-json\/wp\/v2\/types\/post"}],"author":[{"embeddable":true,"href":"https:\/\/www.europesays.com\/it\/wp-json\/wp\/v2\/users\/3"}],"replies":[{"embeddable":true,"href":"https:\/\/www.europesays.com\/it\/wp-json\/wp\/v2\/comments?post=513558"}],"version-history":[{"count":0,"href":"https:\/\/www.europesays.com\/it\/wp-json\/wp\/v2\/posts\/513558\/revisions"}],"wp:featuredmedia":[{"embeddable":true,"href":"https:\/\/www.europesays.com\/it\/wp-json\/wp\/v2\/media\/513559"}],"wp:attachment":[{"href":"https:\/\/www.europesays.com\/it\/wp-json\/wp\/v2\/media?parent=513558"}],"wp:term":[{"taxonomy":"category","embeddable":true,"href":"https:\/\/www.europesays.com\/it\/wp-json\/wp\/v2\/categories?post=513558"},{"taxonomy":"post_tag","embeddable":true,"href":"https:\/\/www.europesays.com\/it\/wp-json\/wp\/v2\/tags?post=513558"}],"curies":[{"name":"wp","href":"https:\/\/api.w.org\/{rel}","templated":true}]}}