{"id":513610,"date":"2026-05-29T08:51:16","date_gmt":"2026-05-29T08:51:16","guid":{"rendered":"https:\/\/www.europesays.com\/it\/513610\/"},"modified":"2026-05-29T08:51:16","modified_gmt":"2026-05-29T08:51:16","slug":"andreas-seppi-sinner-aveva-la-pressione-di-essere-strafavorito-un-rimpianto-avrebbe-potuto-chiamare-il-fisioterapista","status":"publish","type":"post","link":"https:\/\/www.europesays.com\/it\/513610\/","title":{"rendered":"Andreas Seppi: \u00abSinner aveva la pressione di essere strafavorito. Un rimpianto? Avrebbe potuto chiamare il fisioterapista\u00bb"},"content":{"rendered":"<p>    di<br \/>\n    Francesco Sessa<\/p>\n<p class=\"summary-art is-line-h-12\">L&#8217;ex tennista, amico di Jannik e ora talent di Eurosport per il Roland Garros: \u00abFa di tutto per limitare i cali, lavora sui minimi dettagli. Queste temperature sono arrivate all&#8217;improvviso\u00bb<\/p>\n<p class=\"chapter-paragraph\">Lo ha visto crescere,<b> Andreas Seppi<\/b> ha conosciuto <b>Jannik Sinner<\/b> quando l\u2019attuale numero 1 aveva 13 anni, magrolino ma gi\u00e0 con colpi da futuro campione. Bolzano e dintorni, origini altoatesine, un filo che li unisce. <br \/>A Seppi \u2014 nuovo talent di Eurosport, che trasmette il torneo su Hbo Max e Discovery+ \u2014  \u00e8 toccato raccontare in telecronaca proprio <a href=\"https:\/\/www.corriere.it\/sport\/26_maggio_28\/sinner-racconto-sconfitta-d1ad1db4-6e1b-4700-ac7a-f7e1349c3xlk.shtml\" title=\"Cos&#039;\u00e8 successo a Sinner, oggi: la lotta con il suo \u00abfantasma\u00bb, le urla di Vagnozzi, il devastante effetto a catena. \u00abNon \u00e8 solo il caldo\u00bb\" target=\"_blank\" rel=\"nofollow noopener\">il crollo  del giovane amico a Parigi<\/a>.<\/p>\n<p class=\"chapter-paragraph\"><b>Andreas, cosa ha provato?<br \/><\/b>\u00abNon \u00e8 stato facile, anche perch\u00e9 stava andando tutto liscio: Jannik giocava il suo solito tennis aggressivo\u00bb.    &#13;<br \/>\n&#13;<br \/>\n&#13;<br \/>\n&#13;<br \/>\n&#13;<br \/>\n&#13;<br \/>\n&#13;<br \/>\n&#13;<br \/>\n&#13;<br \/>\n&#13;<br \/>\n&#13;<br \/>\n&#13;<br \/>\n&#13;<br \/>\n&#13;<br \/>\n&#13;<br \/>\n&#13;<br \/>\n&#13;<br \/>\n&#13;<br \/>\n&#13;<br \/>\n&#13;<br \/>\n&#13;<br \/>\n&#13;<br \/>\n&#13;<br \/>\n&#13;<br \/>\n&#13;<br \/>\n&#13;<br \/>\n&#13;<br \/>\n&#13;<br \/>\n&#13;<br \/>\n&#13;<br \/>\n&#13;<br \/>\n&#13;<br \/>\n&#13;<br \/>\n&#13;<br \/>\n&#13;<br \/>\n&#13;<br \/>\n&#13;<br \/>\n&#13;<br \/>\n&#13;<br \/>\n&#13;<br \/>\n&#13;<br \/>\n&#13;<br \/>\n&#13;<br \/>\n&#13;<br \/>\n&#13;<br \/>\n&#13;<br \/>\n&#13;<br \/>\n&#13;<br \/>\n&#13;<br \/>\n&#13;<br \/>\n&#13;<br \/>\n&#13;<br \/>\n&#13;\n<\/p>\n<p class=\"chapter-paragraph\"><b>Quando si \u00e8 accorto che qualcosa non andava?<br \/><\/b>\u00abSul 5-1 ha lasciato andare il turno in risposta: l\u00ec ho iniziato a temere\u00bb.<\/p>\n<p>        <img decoding=\"async\" class=\"is_full_image\" loading=\"lazy\" alt=\"Seppi\" src=\"https:\/\/dimages2.corriereobjects.it\/uploads\/2026\/05\/28\/6a18a2011a053.jpeg\" data-full-src=\"https:\/\/dimages2.corriereobjects.it\/uploads\/2026\/05\/28\/6a18a2011a053.jpeg\"\/><\/p>\n<p class=\"chapter-paragraph\"><b>Mancava un solo game per chiuderla.<br \/><\/b>\u00abAvrebbe potuto chiamare il fisioterapista sul 5-2 o sul 5-4, prima di andare a servire\u00bb.<\/p>\n<p class=\"chapter-paragraph\"><b>E perch\u00e9 non lo ha fatto?<br \/><\/b>\u00abMagari non voleva dare segnali all\u2019avversario\u00bb.<\/p>\n<p>APPROFONDISCI CON IL PODCAST<\/p>\n<p class=\"chapter-paragraph\"><b>Senza Alcaraz, il   vero avversario di Jannik \u00e8 davvero Sinner, dunque.<br \/><\/b>\u00abMa lui fa di tutto per limitare i cali, cura i minimi dettagli. Ogni torneo \u00e8 per\u00f2 diverso, a Parigi aveva la pressione di essere strafavorito. E negli Slam \u00e8 pi\u00f9 facile che qualcosa vada storto\u00bb.<\/p>\n<p class=\"chapter-paragraph\"><b>Jannik ha tirato troppo la corda? In campo senza sosta da inizio marzo,  a Indian Wells.<br \/><\/b>\u00abUna discussione eterna, forse avrebbe potuto saltare Madrid, sicuramente non Roma. Ma  ha disputato poche partite lunghe, spesso con un giorno di pausa tra un match e l\u2019altro\u00bb.<\/p>\n<p class=\"chapter-paragraph\"><b>Caldo record a Parigi.<br \/><\/b>\u00abHo giocato il Roland Garros 16 volte, mi ricordo alcune edizioni con tanto caldo anche se soffrivo di pi\u00f9 l\u2019umidit\u00e0 di New York. Il problema \u00e8 che queste temperature sono arrivate all\u2019improvviso, la scorsa settimana faceva pi\u00f9 fresco: \u00e8 difficile adattarsi\u00bb.<\/p>\n<p class=\"chapter-paragraph\"><b>Lei sa cosa vuol dire battere un fenomeno, Federer in Australia nel 2015. Cerundolo non ha tremato.<br \/><\/b>\u00ab\u00c8  stato perfetto, specialmente nel terzo set: bastavano un paio di punti sbagliati e Jannik avrebbe comunque vinto\u00bb.<\/p>\n<p class=\"is-last-update\" datetime=\"2026-05-29T07:22:02+02:00\">29 maggio 2026 ( modifica il 29 maggio 2026 | 07:22)<\/p>\n<p class=\"is-copyright\">\n            \u00a9 RIPRODUZIONE RISERVATA\n        <\/p>\n","protected":false},"excerpt":{"rendered":"di Francesco Sessa L&#8217;ex tennista, amico di Jannik e ora talent di Eurosport per il Roland Garros: \u00abFa&hellip;\n","protected":false},"author":3,"featured_media":513611,"comment_status":"","ping_status":"","sticky":false,"template":"","format":"standard","meta":{"footnotes":"","_share_on_mastodon":"0"},"categories":[176],"tags":[4008,32,73462,19424,26856,15961,1534,44479,7077,284061,5114,14730,2606,5499,3650,1537,90,89,1269,72412,284062,1289,11045,284063,284064,10360,65352,366,245,244],"class_list":["post-513610","post","type-post","status-publish","format-standard","has-post-thumbnail","category-sport","tag-amico","tag-andare","tag-andreas","tag-andreas-seppi","tag-arrivate","tag-avversario","tag-caldo","tag-cali","tag-chiamare","tag-chiamare-fisioterapista","tag-dettagli","tag-eurosport","tag-facile","tag-fisioterapista","tag-garros","tag-it","tag-italia","tag-italy","tag-jannik","tag-limitare","tag-limitare-cali","tag-parigi","tag-potuto","tag-potuto-chiamare","tag-potuto-chiamare-fisioterapista","tag-pressione","tag-seppi","tag-sinner","tag-sport","tag-sports"],"share_on_mastodon":{"url":"https:\/\/pubeurope.com\/@it\/116657015755905303","error":""},"_links":{"self":[{"href":"https:\/\/www.europesays.com\/it\/wp-json\/wp\/v2\/posts\/513610","targetHints":{"allow":["GET"]}}],"collection":[{"href":"https:\/\/www.europesays.com\/it\/wp-json\/wp\/v2\/posts"}],"about":[{"href":"https:\/\/www.europesays.com\/it\/wp-json\/wp\/v2\/types\/post"}],"author":[{"embeddable":true,"href":"https:\/\/www.europesays.com\/it\/wp-json\/wp\/v2\/users\/3"}],"replies":[{"embeddable":true,"href":"https:\/\/www.europesays.com\/it\/wp-json\/wp\/v2\/comments?post=513610"}],"version-history":[{"count":0,"href":"https:\/\/www.europesays.com\/it\/wp-json\/wp\/v2\/posts\/513610\/revisions"}],"wp:featuredmedia":[{"embeddable":true,"href":"https:\/\/www.europesays.com\/it\/wp-json\/wp\/v2\/media\/513611"}],"wp:attachment":[{"href":"https:\/\/www.europesays.com\/it\/wp-json\/wp\/v2\/media?parent=513610"}],"wp:term":[{"taxonomy":"category","embeddable":true,"href":"https:\/\/www.europesays.com\/it\/wp-json\/wp\/v2\/categories?post=513610"},{"taxonomy":"post_tag","embeddable":true,"href":"https:\/\/www.europesays.com\/it\/wp-json\/wp\/v2\/tags?post=513610"}],"curies":[{"name":"wp","href":"https:\/\/api.w.org\/{rel}","templated":true}]}}