{"id":513647,"date":"2026-05-29T09:22:13","date_gmt":"2026-05-29T09:22:13","guid":{"rendered":"https:\/\/www.europesays.com\/it\/513647\/"},"modified":"2026-05-29T09:22:13","modified_gmt":"2026-05-29T09:22:13","slug":"orio-aereo-fermo-in-pista-per-sei-ore-con-i-passeggeri-a-bordo-a-causa-del-maltempo-non-ci-hanno-fatto-scendere-perche-non-ce-personale-ci-siamo-dovuti-pagare-lacqua-da-bere","status":"publish","type":"post","link":"https:\/\/www.europesays.com\/it\/513647\/","title":{"rendered":"Orio, aereo fermo in pista per sei ore con i passeggeri a bordo, a causa del maltempo. \u00abNon ci hanno fatto scendere perch\u00e9 non c&#8217;\u00e8 personale, ci siamo dovuti pagare l&#8217;acqua da bere\u00bb"},"content":{"rendered":"<p>    di<br \/>\n    Donatella Tiraboschi<\/p>\n<p class=\"summary-art is-line-h-12\">La disavventura per 80 persone che dovevano volare a Bristol. Sacbo: \u00abForte perturbazione, cieli bloccati e ritardi accumulati\u00bb<\/p>\n<p class=\"chapter-paragraph\">Poco pi\u00f9 di un\u2019oretta di volo, <b>dalle 17.15 alle 18.20.<\/b> Era schedulata in questa fascia oraria la tratta Ryanair da Bergamo a Bristol. Che per\u00f2, gioved\u00ec sera 28 maggio, alle 22 passate era ancora in attesa di decollare. <b>Per le circa 80 persone a bordo<\/b>, inglesi e italiani, sono state ore di attesa lunghissima, trascorse a bordo <b>nell\u2019impossibilit\u00e0 di scendere a terra.\u00a0<\/b><\/p>\n<p class=\"chapter-paragraph\">\u00abSiamo rinchiusi in attesa di capire quando e se partiremo \u2014 raccontava un passeggero in presa diretta \u2014, <b>dal comandante abbiamo ricevuto informazioni con il contagocce.<\/b> Non ci \u00e8 stato nemmeno consentito di scendere a terra perch\u00e9 ci \u00e8 stato detto che<b> l\u2019aeroporto non ha personale<\/b> che  possa prendere in carico la nostra situazione. Ma qui ci sono a bordo bambini e siamo tutti spazientiti e stanchi.<b> Per rifocillarci abbiamo dovuto pagare anche l\u2019acqua minerale<\/b>\u00bb.    &#13;<br \/>\n&#13;<br \/>\n&#13;<br \/>\n&#13;<br \/>\n&#13;<br \/>\n&#13;<br \/>\n&#13;<br \/>\n&#13;<br \/>\n&#13;<br \/>\n&#13;<br \/>\n&#13;<br \/>\n&#13;<br \/>\n&#13;<br \/>\n&#13;<br \/>\n&#13;<br \/>\n&#13;<br \/>\n&#13;<br \/>\n&#13;<br \/>\n&#13;<br \/>\n&#13;<br \/>\n&#13;<br \/>\n&#13;<br \/>\n&#13;<br \/>\n&#13;<br \/>\n&#13;<br \/>\n&#13;<br \/>\n&#13;<br \/>\n&#13;<br \/>\n&#13;<br \/>\n&#13;<br \/>\n&#13;<br \/>\n&#13;<br \/>\n&#13;<br \/>\n&#13;<br \/>\n&#13;<br \/>\n&#13;<br \/>\n&#13;<br \/>\n&#13;<br \/>\n&#13;<br \/>\n&#13;<br \/>\n&#13;<br \/>\n&#13;<br \/>\n&#13;<br \/>\n&#13;<br \/>\n&#13;<br \/>\n&#13;<br \/>\n&#13;<br \/>\n&#13;<br \/>\n&#13;<br \/>\n&#13;<br \/>\n&#13;<br \/>\n&#13;<br \/>\n&#13;\n<\/p>\n<p class=\"chapter-paragraph\">\u00abLe operazioni, sia decolli che atterraggi \u2014 ha chiarito Sacbo \u2014 <b>sono state sospese per circa un\u2019ora e mezza causa forte perturbazione<\/b>. Gli aerei sono rimasti in attesa di ricevere lo slot per decollare dal controllo del traffico aereo, <b>accumulando ulteriore ritardo<\/b> per la congestione dei cieli dell\u2019area nord\u00bb. L&#8217;aereo \u00e8 partito verso le 23.15 di gioved\u00ec sera, 28 maggio.\u00a0<\/p>\n<p class=\"chapter-paragraph\">\u00abSono arrivata a casa verso l\u2019una di mattina\u00a0 &#8211; racconta l&#8217;indomani un passeggero -. Incredibile che<b> il solito viaggio della tratta Bergamo-Bristol che di solito faccio in 5 ore,\u00a0 sia stato un viaggio di 12 ore<\/b>. Comunque, Ryanair ha mandato una email per dire che <b>possiamo chiedere il rimborso<\/b> dato che il volo ha superato un ritardo di 5 ore\u00bb.\u00a0<\/p>\n<p class=\"is-mr-t-20 is-mr-b-20\"><b><br \/>\n                    <a href=\"https:\/\/bergamo.corriere.it\/?intcmp=Notizielocali_nd_010623_corriere_ss_bergamo\" target=\"_blank\" rel=\"nofollow noopener\">Vai a tutte le notizie di Bergamo<\/a><br \/>\n            <\/b><\/p>\n<p class=\"chapter-paragraph\"><b><a href=\"https:\/\/www.corriere.it\/newsletter\/?theme=61&amp;intcmp=NL-artic_nd_050624_corriere_ss_bergamo\" target=\"_blank\" rel=\"nofollow noopener\">Iscriviti alla newsletter di Corriere Bergamo<\/a><\/b><\/p>\n<p class=\"is-last-update\" datetime=\"2026-05-29T11:14:57+02:00\">29 maggio 2026 ( modifica il 29 maggio 2026 | 11:14)<\/p>\n<p class=\"is-copyright\">\n            \u00a9 RIPRODUZIONE RISERVATA\n        <\/p>\n","protected":false},"excerpt":{"rendered":"di Donatella Tiraboschi La disavventura per 80 persone che dovevano volare a Bristol. Sacbo: \u00abForte perturbazione, cieli bloccati&hellip;\n","protected":false},"author":3,"featured_media":513648,"comment_status":"","ping_status":"","sticky":false,"template":"","format":"standard","meta":{"footnotes":"","_share_on_mastodon":"0"},"categories":[172],"tags":[412,1005,178,1687,284095,8650,96286,177,1048,68057,65569,3440,284096,5302,66692,284097,1537,90,89,707,14283,284098,8658],"class_list":["post-513647","post","type-post","status-publish","format-standard","has-post-thumbnail","category-affari","tag-acqua","tag-aereo","tag-affari","tag-bergamo","tag-bergamo-bristol","tag-bordo","tag-bristol","tag-business","tag-causa","tag-cieli","tag-decollare","tag-forte","tag-forte-perturbazione","tag-giovedi","tag-giovedi-sera","tag-giovedi-sera-maggio","tag-it","tag-italia","tag-italy","tag-maggio","tag-pagare","tag-pagare-acqua","tag-scendere"],"share_on_mastodon":{"url":"https:\/\/pubeurope.com\/@it\/116657136756716532","error":""},"_links":{"self":[{"href":"https:\/\/www.europesays.com\/it\/wp-json\/wp\/v2\/posts\/513647","targetHints":{"allow":["GET"]}}],"collection":[{"href":"https:\/\/www.europesays.com\/it\/wp-json\/wp\/v2\/posts"}],"about":[{"href":"https:\/\/www.europesays.com\/it\/wp-json\/wp\/v2\/types\/post"}],"author":[{"embeddable":true,"href":"https:\/\/www.europesays.com\/it\/wp-json\/wp\/v2\/users\/3"}],"replies":[{"embeddable":true,"href":"https:\/\/www.europesays.com\/it\/wp-json\/wp\/v2\/comments?post=513647"}],"version-history":[{"count":0,"href":"https:\/\/www.europesays.com\/it\/wp-json\/wp\/v2\/posts\/513647\/revisions"}],"wp:featuredmedia":[{"embeddable":true,"href":"https:\/\/www.europesays.com\/it\/wp-json\/wp\/v2\/media\/513648"}],"wp:attachment":[{"href":"https:\/\/www.europesays.com\/it\/wp-json\/wp\/v2\/media?parent=513647"}],"wp:term":[{"taxonomy":"category","embeddable":true,"href":"https:\/\/www.europesays.com\/it\/wp-json\/wp\/v2\/categories?post=513647"},{"taxonomy":"post_tag","embeddable":true,"href":"https:\/\/www.europesays.com\/it\/wp-json\/wp\/v2\/tags?post=513647"}],"curies":[{"name":"wp","href":"https:\/\/api.w.org\/{rel}","templated":true}]}}