{"id":513759,"date":"2026-05-29T11:00:16","date_gmt":"2026-05-29T11:00:16","guid":{"rendered":"https:\/\/www.europesays.com\/it\/513759\/"},"modified":"2026-05-29T11:00:16","modified_gmt":"2026-05-29T11:00:16","slug":"fabio-cannarvo-intervista-il-mio-sogno-e-di-allenare-la-nazionale","status":"publish","type":"post","link":"https:\/\/www.europesays.com\/it\/513759\/","title":{"rendered":"Fabio Cannarvo intervista: &#8220;Il mio sogno \u00e8 di allenare la Nazionale&#8221;"},"content":{"rendered":"<p>                                Il capitano deli Azzurri campioni del mondo nel 2006, oggi ct della nazionale asiatica, si racconta: &#8220;Nei rigori con la Francia a oltranza avrebbero tirato\u00a0Toni e Iaquinta. Io e Gattuso ultimi, anche dopo Buffon. La mia carriera? Dopo la Cina non mi chiamava nessuno, Benevento \u00e8 stato un errore&#8221;<\/p>\n<p class=\"paragraph\" spellcheck=\"true\">Nella vita a volte ci si innamora cos\u00ec, senza sapere perch\u00e9. Fabio Cannavaro nel 2006 baci\u00f2 la Coppa del Mondo per due secondi, in piedi sul podio di Berlino, e la notte stessa la port\u00f2 a letto: dorm\u00ec abbracciato alla coppa. Vent\u2019anni dopo la ritrova negli Stati Uniti e l\u2019effetto sar\u00e0 strano: sa che non potr\u00e0 pi\u00f9 stringerla \u2013 un bacio, figurarsi \u2013 perch\u00e9 Cannavaro ora allena l\u2019Uzbekistan, piccolo e caduto in un gruppo di serpenti. La Colombia, il Portogallo, la Rep. Democratica del Congo. In rosa ha Khusanov, difensore di livello, del Manchester City, e il buon vecchio Shomurodov ma insomma, i fenomeni sono altrove.<\/p>\n<p class=\"paragraph\" spellcheck=\"true\"><b>Subito una botta di tristezza, cos\u00ec poi si parla d\u2019altro. Perch\u00e9 l\u2019Italia non sar\u00e0 in America?\u00a0<\/b><br \/>\u200b<br \/>&#8220;Perch\u00e9 l\u2019Italia con la Bosnia ha avuto paura.  Abbiamo Donnarumma, Calafiori, Bastoni, Barella, Tonali, fatico a pensare che con una squadra cos\u00ec si possa perdere con la Bosnia. Poi abbiamo smesso di investire sui settori giovanili, costruiamo giocatori che vogliono uscire dal basso e dimentichiamo la scuola italiana&#8221;.<\/p>\n<p><b>E allora, pensando a 20 anni fa, come ci si sente?<\/b>\u00a0<\/p>\n<p>&#8220;Vecchio&#8221;.\u00a0<\/p>\n<p><b>Addirittura?\u00a0<\/b><\/p>\n<p>&#8220;S\u00ec, da allenatore non vai in campo, dai un\u2019idea alla squadra ma poi giocano i calciatori&#8221;.\u00a0<\/p>\n<p><b>E come sono i calciatori dell\u2019Uzbekistan?\u00a0<\/b><\/p>\n<p>&#8220;Mi fanno divertire perch\u00e9 assorbono come spugne qualsiasi cosa io proponga. Nessuno si lamenta, lavorano, si vogliono confrontare&#8221;.\u00a0<\/p>\n<p><b>Differenze con l\u2019ambiente italiano?<\/b>\u00a0<\/p>\n<p>&#8220;Molte. \u00c8 una nazione in crescita: a Tashkent, la capitale, c\u2019\u00e8 un centro sportivo iper moderno. \u00c8 un Paese musulmano e capita che i giocatori preghino prima delle partite o anche all\u2019intervallo. Vanno in una stanza a parte e tornano per il secondo tempo. Non \u00e8 un problema, si tratta solo di gestire le tempistiche&#8221;.<\/p>\n<p class=\"paragraph\" spellcheck=\"true\"><b>Quanto c\u2019\u00e8 di italiano?\u00a0<\/b><br \/>\u200b<br \/>&#8220;La maglia, che \u00e8 azzurra, e 13 persone tra staff tecnico, fisioterapisti, adesso anche il cuoco. La pizza nel menu dopo le partite sar\u00e0 una bella novit\u00e0&#8221;.<\/p>\n<p><b>Una cosa che c\u2019era nell\u2019Italia del 2006 e c\u2019\u00e8 nell\u2019Uzbekistan del 2026?\u00a0<\/b><br \/>\u200b<br \/>&#8220;La fame. Se c\u2019\u00e8 un momento di difficolt\u00e0, mi giro e trovo un compagno che mi protegge le spalle&#8221;.\u00a0<\/p>\n<p><b>Come la mettiamo con Portogallo e Colombia nel girone?<\/b><\/p>\n<p>&#8220;Se pensi al centrocampo del Portogallo, spegni il video dopo due secondi. Se guardi la Colombia, dopo 10. Noi invece tiriamo dritto, non abbiamo nulla da perdere e ce la giochiamo&#8221;.<\/p>\n<p><b>Pronostico mondiale. Chi sorprender\u00e0?<\/b><\/p>\n<p>&#8220;La Turchia di Vincenzo Montella. Tra i giocatori, Khusanov. \u00c8 un difensore centrale come me, \u00e8 fortissimo, pu\u00f2 ancora crescere molto&#8221;.<\/p>\n<p><b>Chiudiamo con un viaggio dal passato al futuro. Passato: in questa vita da allenatore iniziata nel 2013, qual \u00e8 stato il momento pi\u00f9 difficile?\u00a0<\/b><\/p>\n<p>&#8220;Quando sono tornato dalla Cina, nel 2021. Pensavo di aver fatto un buon percorso ma era come se non fosse servito a nulla. Nessuno mi chiamava, nessuno mi considerava. Siamo andati a Benevento, in Serie B, ed \u00e8 stato un errore. Anche quando non mi hanno confermato a Udine dopo la salvezza non \u00e8 stato semplice. Non ho ancora capito perch\u00e9&#8221;.\u00a0<\/p>\n<p><b>Nel 2022 si \u00e8 parlato tanto dell\u2019ipotesi Lippi d.t. e Cannavaro c.t.: ci siete andati vicino?\u00a0<br \/><\/b><br \/>&#8220;Mai davvero vicini&#8230;&#8221;.\u00a0<\/p>\n<p><b>Futuro: dove sar\u00e0 Fabio Cannavaro tra vent\u2019anni?<\/b><\/p>\n<p>&#8220;Io mi vedo ancora allenatore. Lavoro per diventare c.t. dell\u2019Italia&#8221;.\u00a0<\/p>\n<p><b>Ah, a proposito, vent\u2019anni dopo si pu\u00f2 dire. Chi avrebbe calciato i rigori a oltranza nel 2006, se Grosso avesse sbagliato?\u00a0<\/b><\/p>\n<p>&#8220;Toni e Iaquinta. Io e Gattuso  ultimi, anche dopo Buffon&#8221;.<br \/>\u00a0<br \/><b>E se fosse toccato a uno dei due?\u00a0<\/b><\/p>\n<p>&#8220;Penso io. Rino mi avrebbe minacciato pur di non calciare&#8221;.<\/p>\n<p class=\"is-copyright\">\u00a9 RIPRODUZIONE RISERVATA<\/p>\n","protected":false},"excerpt":{"rendered":"Il capitano deli Azzurri campioni del mondo nel 2006, oggi ct della nazionale asiatica, si racconta: &#8220;Nei rigori&hellip;\n","protected":false},"author":3,"featured_media":513760,"comment_status":"","ping_status":"","sticky":false,"template":"","format":"standard","meta":{"footnotes":"","_share_on_mastodon":"0"},"categories":[1452],"tags":[48016,284188,284189,15336,284190,284191,49935,721,95395,4297,5886,1740,1537,90,89,1739,245,244,19745],"class_list":["post-513759","post","type-post","status-publish","format-standard","has-post-thumbnail","category-calcio","tag-abbracciato","tag-abbracciato-coppa","tag-abbracciato-coppa-vent","tag-allena","tag-allena-uzbekistan","tag-allena-uzbekistan-piccolo","tag-asiatica","tag-calcio","tag-cannavaro","tag-coppa","tag-ct","tag-football","tag-it","tag-italia","tag-italy","tag-soccer","tag-sport","tag-sports","tag-uzbekistan"],"share_on_mastodon":{"url":"https:\/\/pubeurope.com\/@it\/116657522584270500","error":""},"_links":{"self":[{"href":"https:\/\/www.europesays.com\/it\/wp-json\/wp\/v2\/posts\/513759","targetHints":{"allow":["GET"]}}],"collection":[{"href":"https:\/\/www.europesays.com\/it\/wp-json\/wp\/v2\/posts"}],"about":[{"href":"https:\/\/www.europesays.com\/it\/wp-json\/wp\/v2\/types\/post"}],"author":[{"embeddable":true,"href":"https:\/\/www.europesays.com\/it\/wp-json\/wp\/v2\/users\/3"}],"replies":[{"embeddable":true,"href":"https:\/\/www.europesays.com\/it\/wp-json\/wp\/v2\/comments?post=513759"}],"version-history":[{"count":0,"href":"https:\/\/www.europesays.com\/it\/wp-json\/wp\/v2\/posts\/513759\/revisions"}],"wp:featuredmedia":[{"embeddable":true,"href":"https:\/\/www.europesays.com\/it\/wp-json\/wp\/v2\/media\/513760"}],"wp:attachment":[{"href":"https:\/\/www.europesays.com\/it\/wp-json\/wp\/v2\/media?parent=513759"}],"wp:term":[{"taxonomy":"category","embeddable":true,"href":"https:\/\/www.europesays.com\/it\/wp-json\/wp\/v2\/categories?post=513759"},{"taxonomy":"post_tag","embeddable":true,"href":"https:\/\/www.europesays.com\/it\/wp-json\/wp\/v2\/tags?post=513759"}],"curies":[{"name":"wp","href":"https:\/\/api.w.org\/{rel}","templated":true}]}}