{"id":513783,"date":"2026-05-29T11:13:15","date_gmt":"2026-05-29T11:13:15","guid":{"rendered":"https:\/\/www.europesays.com\/it\/513783\/"},"modified":"2026-05-29T11:13:15","modified_gmt":"2026-05-29T11:13:15","slug":"san-giuliano-milanese-cascina-prende-fuoco-durante-il-nubifragio-salvate-510-vacche-da-latte-e-stata-colpita-da-un-fulmine","status":"publish","type":"post","link":"https:\/\/www.europesays.com\/it\/513783\/","title":{"rendered":"San Giuliano Milanese, cascina prende fuoco durante il nubifragio, salvate 510 vacche da latte: \u00ab\u00c8 stata colpita da un fulmine\u00bb"},"content":{"rendered":"<p>    di<br \/>\n    Redazione Milano<\/p>\n<p class=\"summary-art is-line-h-12\">In fiamme l&#8217;azienda agricola cascina Rancate: distrutto il fienile e altri ambienti. Sul posto 16 mezzi dei vigili del fuoco e sessanta agenti.<\/p>\n<p class=\"chapter-paragraph\">Un grave incendio si \u00e8 verificato durante la violenta ondata di maltempo abbattutasi gioved\u00ec sera nel milanese. Un rogo \u00e8 divampato nell&#8217;edificio di\u00a0<b>Cascina Rancate nel territorio di San Giuliano Milanese. <\/b>Stando a una prima ipotesi dei Vigili del fuoco, la cascina sarebbe stata colpita da un fulmine.<br \/>Un&#8217;intera ala dell&#8217;a<b>zienda agricola, circa 1500 mq, <\/b>\u00e8 stata avvolta dalle fiamme in pochi minuti. Le operazioni dei vigili del fuoco si sono concentrate immediatamente nel<b> salvataggio di 510 bovini da latte <\/b>messi tutti in sicurezza.<\/p>\n<p class=\"chapter-paragraph\">Nel frattempo <b>i sedici mezzi che si sono avvicendati per tutta la notte <\/b>hanno poi provveduto ad aggredire prima le lingue di fuoco, circoscrivere successivamente il perimetro di intervento sul fienile e cominciare in seguito la<b> lunga fase di raffreddamento<\/b>. Un&#8217;attivit\u00e0 complessa che ha richiesto la presenza complessiva di sessanta vigili del fuoco. Venerd\u00ec mattina le attivit\u00e0 proseguono per lo\u00a0\u00abspegnimento minuto\u00bb.    &#13;<br \/>\n&#13;<br \/>\n&#13;<br \/>\n&#13;<br \/>\n&#13;<br \/>\n&#13;<br \/>\n&#13;<br \/>\n&#13;<br \/>\n&#13;<br \/>\n&#13;<br \/>\n&#13;<br \/>\n&#13;<br \/>\n&#13;<br \/>\n&#13;<br \/>\n&#13;<br \/>\n&#13;<br \/>\n&#13;<br \/>\n&#13;<br \/>\n&#13;<br \/>\n&#13;<br \/>\n&#13;<br \/>\n&#13;<br \/>\n&#13;<br \/>\n&#13;<br \/>\n&#13;<br \/>\n&#13;<br \/>\n&#13;<br \/>\n&#13;<br \/>\n&#13;<br \/>\n&#13;<br \/>\n&#13;<br \/>\n&#13;<br \/>\n&#13;<br \/>\n&#13;<br \/>\n&#13;<br \/>\n&#13;<br \/>\n&#13;<br \/>\n&#13;<br \/>\n&#13;<br \/>\n&#13;<br \/>\n&#13;<br \/>\n&#13;<br \/>\n&#13;<br \/>\n&#13;<br \/>\n&#13;<br \/>\n&#13;<br \/>\n&#13;<br \/>\n&#13;<br \/>\n&#13;<br \/>\n&#13;<br \/>\n&#13;<br \/>\n&#13;<br \/>\n&#13;\n<\/p>\n<p class=\"is-mr-t-20 is-mr-b-20\"><b><br \/>\n                    <a href=\"https:\/\/milano.corriere.it\/?intcmp=Notizielocali_nd_010623_corriere_ss_milano\" target=\"_blank\" rel=\"nofollow noopener\">Vai a tutte le notizie di Milano<\/a><br \/>\n            <\/b><\/p>\n<p class=\"chapter-paragraph\"><b><a href=\"https:\/\/www.corriere.it\/newsletter\/?theme=41&amp;intcmp=IIIcolonna_NL_CorMilano\" target=\"_blank\" rel=\"nofollow noopener\">Iscriviti alla newsletter di Corriere Milano<\/a><\/b><\/p>\n<p class=\"is-last-update\" datetime=\"2026-05-29T09:16:37+02:00\">29 maggio 2026 ( modifica il 29 maggio 2026 | 09:16)<\/p>\n<p class=\"is-copyright\">\n            \u00a9 RIPRODUZIONE RISERVATA\n        <\/p>\n","protected":false},"excerpt":{"rendered":"di Redazione Milano In fiamme l&#8217;azienda agricola cascina Rancate: distrutto il fienile e altri ambienti. Sul posto 16&hellip;\n","protected":false},"author":3,"featured_media":513784,"comment_status":"","ping_status":"","sticky":false,"template":"","format":"standard","meta":{"footnotes":"","_share_on_mastodon":"0"},"categories":[79],"tags":[56811,1498,4072,177725,81537,284213,19479,284214,14,93,94,783,1537,90,89,544,7,15,11,84,91,12,85,92,6162,6163],"class_list":["post-513783","post","type-post","status-publish","format-standard","has-post-thumbnail","category-italia","tag-agricola","tag-attivita","tag-azienda","tag-azienda-agricola","tag-cascina","tag-cascina-rancate","tag-colpita","tag-colpita-fulmine","tag-cronaca","tag-cronaca-italiana","tag-cronacaitaliana","tag-fuoco","tag-it","tag-italia","tag-italy","tag-milanese","tag-news","tag-notizie","tag-ultime-notizie","tag-ultime-notizie-e-news-di-oggi","tag-ultime-notizie-italia","tag-ultimenotizie","tag-ultimenotizieenewsdioggi","tag-ultimenotizieitalia","tag-vigili","tag-vigili-fuoco"],"share_on_mastodon":{"url":"https:\/\/pubeurope.com\/@it\/116657573855402914","error":""},"_links":{"self":[{"href":"https:\/\/www.europesays.com\/it\/wp-json\/wp\/v2\/posts\/513783","targetHints":{"allow":["GET"]}}],"collection":[{"href":"https:\/\/www.europesays.com\/it\/wp-json\/wp\/v2\/posts"}],"about":[{"href":"https:\/\/www.europesays.com\/it\/wp-json\/wp\/v2\/types\/post"}],"author":[{"embeddable":true,"href":"https:\/\/www.europesays.com\/it\/wp-json\/wp\/v2\/users\/3"}],"replies":[{"embeddable":true,"href":"https:\/\/www.europesays.com\/it\/wp-json\/wp\/v2\/comments?post=513783"}],"version-history":[{"count":0,"href":"https:\/\/www.europesays.com\/it\/wp-json\/wp\/v2\/posts\/513783\/revisions"}],"wp:featuredmedia":[{"embeddable":true,"href":"https:\/\/www.europesays.com\/it\/wp-json\/wp\/v2\/media\/513784"}],"wp:attachment":[{"href":"https:\/\/www.europesays.com\/it\/wp-json\/wp\/v2\/media?parent=513783"}],"wp:term":[{"taxonomy":"category","embeddable":true,"href":"https:\/\/www.europesays.com\/it\/wp-json\/wp\/v2\/categories?post=513783"},{"taxonomy":"post_tag","embeddable":true,"href":"https:\/\/www.europesays.com\/it\/wp-json\/wp\/v2\/tags?post=513783"}],"curies":[{"name":"wp","href":"https:\/\/api.w.org\/{rel}","templated":true}]}}