{"id":513837,"date":"2026-05-29T11:59:25","date_gmt":"2026-05-29T11:59:25","guid":{"rendered":"https:\/\/www.europesays.com\/it\/513837\/"},"modified":"2026-05-29T11:59:25","modified_gmt":"2026-05-29T11:59:25","slug":"lex-batterista-del-blasco-le-confessioni-di-tedeschi-mi-manca-suonare-con-lui","status":"publish","type":"post","link":"https:\/\/www.europesays.com\/it\/513837\/","title":{"rendered":"L\u2019ex batterista del Blasco, le confessioni di Tedeschi: &#8220;Mi manca suonare con lui&#8221;"},"content":{"rendered":"<p>&#8220;Quello con Vasco \u00e8 stato un periodo fantastico. Migliaia di autografi, concerti incredibili. Mi sono sentito un gladiatore quando ero sul palco a San Siro con lui e le mie bacchette. Mi piacerebbe suonare di nuovo con lui, anche per qualche ora da soli in garage&#8221;. In occasione dell\u2019attesissimo doppio concerto di <strong>Vasco Rossi<\/strong>, il 5 e 6 giugno, il batterista <strong>Daniele Tedeschi<\/strong> racconta il suo percorso con il rocker emiliano. Tedeschi ha suonato con Vasco dal 1984 per dodici anni, entrando a far parte di un percorso musicale che ha segnato intere generazioni. Un\u2019esperienza intensa, fatta di concerti memorabili, tourn\u00e9e leggendarie e palchi gremiti in tutta Italia.<\/p>\n<p> <img alt=\"L\u2019ex batterista del Blasco, le confessioni di Tedeschi: &quot;Mi manca suonare con lui&quot;\" loading=\"lazy\" width=\"429\" height=\"762\" decoding=\"async\" data-nimg=\"1\" style=\"color:transparent\"  src=\"https:\/\/www.europesays.com\/it\/wp-content\/uploads\/2026\/05\/1780055965_566_xaate28.jpeg\"\/><\/p>\n<p>Approfondisci:<\/p>\n<p><a href=\"https:\/\/www.ilrestodelcarlino.it\/ferrara\/cronaca\/lavori-concerto-vasco-v7j1gmu5\" class=\"ArticleEmbed_article__embed__content__Jzqnz\" rel=\"nofollow noopener\" target=\"_blank\">Nel \u2018cuore\u2019 del concerto di Vasco. Tra operai, torri e telecamere: cos\u00ec si prepara Ferrara<img alt=\"Nel \u2018cuore\u2019 del concerto di Vasco. Tra operai, torri e telecamere: cos\u00ec si prepara Ferrara\" loading=\"lazy\" width=\"140\" height=\"78\" decoding=\"async\" data-nimg=\"1\" style=\"color:transparent\"  src=\"https:\/\/www.europesays.com\/it\/wp-content\/uploads\/2026\/05\/concerti-di-vasco-rossi-a-ferrara-5-e-6-giugno.webp\"\/><\/a> <\/p>\n<p>&#8220;Vasco voleva un batterista muscolare, qualcuno di potente&#8221;, racconta, ricordando gli inizi della collaborazione nata dopo un provino legato all\u2019esperienza condivisa con Miguel Bos\u00e9. Parole che restituiscono tutta l\u2019energia di un\u2019epoca irripetibile, vissuta tra musica, adrenalina e un rapporto unico con il pubblico. Il racconto di una vita vissuta intensamente, piena di episodi incredibili e amicizie nate nei modi pi\u00f9 inaspettati. Tedeschi ricorda un episodio avvenuto mentre era in tour con Vasco. Durante una pausa in un resort, un ragazzo si avvicin\u00f2 chiedendogli se volesse giocare a calcetto. Una partita improvvisata che si trasform\u00f2 presto in qualcosa di memorabile: nel giro di pochissimo tempo, il ragazzo segn\u00f2 una quantit\u00e0 impressionante di goal, lasciando tutti senza parole. &#8220;Incredibile&#8221;, racconta Tedeschi sorridendo. &#8220;A un certo punto gli chiesi dove avesse imparato a giocare cos\u00ec bene&#8221;. Ed \u00e8 l\u00ec che arriv\u00f2 la sorpresa: quel ragazzo era Hansi M\u00fcller, capitano della Germania. Da quell\u2019incontro casuale nacque una grande amicizia, una di quelle storie che sembrano inventate ma che solo la vita reale riesce a regalare. Il musicista, che da anni ha scelto il territorio ferrarese come casa, ha anche svelato alcuni retroscena sul mondo di Vasco, spiegando come molte delle canzoni del rocker siano nate da esperienze realmente vissute. &#8220;Le canzoni di Vasco sono vere&#8221;, dice, citando il celebre episodio delle calze nere, diventato poi ispirazione per la canzone \u201cBrava\u201d. Oggi, a 74 anni, Tedeschi continua a sorprendere per la sua energia contagiosa. Gira in moto, ama cucinare e parla con la stessa intensit\u00e0 di chi ha sempre puntato a vivere e mai a sopravvivere. Tedeschi ha anche espresso il suo punto di vista sull\u2019importanza degli spazi aperti per la <strong>musica dal vivo<\/strong>. &#8220;Meglio suonare in un parco rispetto ad uno stadio&#8221;, afferma. E parlando di Vasco emerge il momento pi\u00f9 sincero ed emozionante del suo racconto. &#8220;Mi manca suonare con lui, ma non per i grandi palchi o per il successo. Mi manca quella sensazione, quell\u2019energia unica di suonare con Vasco. Se ci fosse la possibilit\u00e0, lo rifarei immediatamente. Anche se fosse solo per due ore, tra amici&#8221;.<\/p>\n","protected":false},"excerpt":{"rendered":"&#8220;Quello con Vasco \u00e8 stato un periodo fantastico. Migliaia di autografi, concerti incredibili. Mi sono sentito un gladiatore&hellip;\n","protected":false},"author":3,"featured_media":513838,"comment_status":"","ping_status":"","sticky":false,"template":"","format":"standard","meta":{"footnotes":"","_share_on_mastodon":"0"},"categories":[1443],"tags":[15405,43491,38939,203,204,1537,90,89,4964,1538,1539,36895,19397],"class_list":["post-513837","post","type-post","status-publish","format-standard","has-post-thumbnail","category-musica","tag-batterista","tag-blasco","tag-confessioni","tag-entertainment","tag-intrattenimento","tag-it","tag-italia","tag-italy","tag-manca","tag-music","tag-musica","tag-suonare","tag-tedeschi"],"share_on_mastodon":{"url":"https:\/\/pubeurope.com\/@it\/116657754905344513","error":""},"_links":{"self":[{"href":"https:\/\/www.europesays.com\/it\/wp-json\/wp\/v2\/posts\/513837","targetHints":{"allow":["GET"]}}],"collection":[{"href":"https:\/\/www.europesays.com\/it\/wp-json\/wp\/v2\/posts"}],"about":[{"href":"https:\/\/www.europesays.com\/it\/wp-json\/wp\/v2\/types\/post"}],"author":[{"embeddable":true,"href":"https:\/\/www.europesays.com\/it\/wp-json\/wp\/v2\/users\/3"}],"replies":[{"embeddable":true,"href":"https:\/\/www.europesays.com\/it\/wp-json\/wp\/v2\/comments?post=513837"}],"version-history":[{"count":0,"href":"https:\/\/www.europesays.com\/it\/wp-json\/wp\/v2\/posts\/513837\/revisions"}],"wp:featuredmedia":[{"embeddable":true,"href":"https:\/\/www.europesays.com\/it\/wp-json\/wp\/v2\/media\/513838"}],"wp:attachment":[{"href":"https:\/\/www.europesays.com\/it\/wp-json\/wp\/v2\/media?parent=513837"}],"wp:term":[{"taxonomy":"category","embeddable":true,"href":"https:\/\/www.europesays.com\/it\/wp-json\/wp\/v2\/categories?post=513837"},{"taxonomy":"post_tag","embeddable":true,"href":"https:\/\/www.europesays.com\/it\/wp-json\/wp\/v2\/tags?post=513837"}],"curies":[{"name":"wp","href":"https:\/\/api.w.org\/{rel}","templated":true}]}}