{"id":513848,"date":"2026-05-29T12:05:16","date_gmt":"2026-05-29T12:05:16","guid":{"rendered":"https:\/\/www.europesays.com\/it\/513848\/"},"modified":"2026-05-29T12:05:16","modified_gmt":"2026-05-29T12:05:16","slug":"pos-collegato-al-registratore-di-cassa-53-miliardi-in-piu-per-il-fisco-nel-2026","status":"publish","type":"post","link":"https:\/\/www.europesays.com\/it\/513848\/","title":{"rendered":"Pos collegato al registratore di cassa, 5,3 miliardi in pi\u00f9 per il fisco nel 2026"},"content":{"rendered":"<p>I dati sono stati resi noti in occasione dell&#8217;evento alla Camera per i 50 anni di Sogei. Per l&#8217;Agenzia delle Entrate \u00e8 &#8220;la dimostrazione che quando le novit\u00e0 normative sono gestite con consapevolezza tecnica, apertura al dialogo e know how tecnologico, i risultati non tardano ad arrivare&#8221;<\/p>\n<p>Gli effetti del pos collegato al registratore di cassa sul fisco italiano iniziano gi\u00e0 a farsi sentire con decisione. Secondo i dati diffusi il 28 maggio aggiornati alla met\u00e0 del mese in corso, infatti, nei primi mesi del 2026 sono gi\u00e0 emersi 5,3 miliardi di euro aggiuntivi frutto di 115 milioni di scontrini in pi\u00f9. Un risultato rivendicato dal governo e dall&#8217;Agenzia delle Entrate dopo l\u2019introduzione con la legge di bilancio 2025 del collegamento tra pos e registratore di cassa per le operazioni effettuate a partire dal primo gennaio 2026. Sono 1,6 milioni 1,6 milioni i registratori telematici collegati a strumenti di pagamento elettronico, con l&#8217;Agenzia delle Entrate che dal 5 marzo ha attivato un apposito servizio web per permettere il collegamento, dando tempo agli esercenti fino al 20 aprile per registrarsi.<\/p>\n<p>\t\t\tCarbone: &#8220;Risultato che va a beneficio dei contribuenti onesti&#8221;<\/p>\n<p>Con l&#8217;entrata a regime dell&#8217;obbligo, ha detto il direttore dell\u2019Agenzia delle Entrate Vincenzo Carbone intervenuto durante l&#8217;evento alla Camera per i 50 anni di Sogei, &#8220;\u00e8 aumentato il flusso dei corrispettivi trasmessi al Fisco dalle attivit\u00e0 commerciali&#8221;. Per Carbone, &#8220;\u00e8 la dimostrazione che quando le novit\u00e0 normative sono gestite con consapevolezza tecnica, apertura al dialogo e know how tecnologico, i risultati non tardano ad arrivare&#8221;. Il direttore dell\u2019Agenzia delle Entrate ha aggiunto: &#8220;Un risultato che non solo \u00e8 estremamente positivo, ma che assume particolare rilievo perch\u00e9 contribuisce a rinsaldare il patto sociale, a beneficio dei contribuenti onesti e, indirettamente, dell&#8217;intera collettivit\u00e0&#8221;.<\/p>\n<p>\t\t\tIl viceministro Leo: &#8220;Risultati significativi&#8221;<\/p>\n<p>Per il viceministro dell\u2019Economia e delle Finanze Maurizio Leo, &#8220;i risultati sin qui sono significativi&#8221; con &#8220;un incremento di 10 milioni di scontrini in pi\u00f9 rispetto al maggio 2025&#8221;. Sul fronte del contrasto all\u2019evasione, Leo ha evidenziato il ruolo &#8220;fondamentale&#8221; di Sogei insieme alle Agenzie fiscali, rivendicando i &#8220;101 miliardi&#8221; recuperati dal 2023 ad oggi.\u00a0<\/p>\n<p>\t            TAG:<\/p>\n","protected":false},"excerpt":{"rendered":"I dati sono stati resi noti in occasione dell&#8217;evento alla Camera per i 50 anni di Sogei. Per&hellip;\n","protected":false},"author":3,"featured_media":513849,"comment_status":"","ping_status":"","sticky":false,"template":"","format":"standard","meta":{"footnotes":"","_share_on_mastodon":"0"},"categories":[172],"tags":[178,17,177,730,9734,1537,90,89],"class_list":["post-513848","post","type-post","status-publish","format-standard","has-post-thumbnail","category-affari","tag-affari","tag-agenzia-delle-entrate","tag-business","tag-fisco","tag-imposte","tag-it","tag-italia","tag-italy"],"share_on_mastodon":{"url":"https:\/\/pubeurope.com\/@it\/116657777877003327","error":""},"_links":{"self":[{"href":"https:\/\/www.europesays.com\/it\/wp-json\/wp\/v2\/posts\/513848","targetHints":{"allow":["GET"]}}],"collection":[{"href":"https:\/\/www.europesays.com\/it\/wp-json\/wp\/v2\/posts"}],"about":[{"href":"https:\/\/www.europesays.com\/it\/wp-json\/wp\/v2\/types\/post"}],"author":[{"embeddable":true,"href":"https:\/\/www.europesays.com\/it\/wp-json\/wp\/v2\/users\/3"}],"replies":[{"embeddable":true,"href":"https:\/\/www.europesays.com\/it\/wp-json\/wp\/v2\/comments?post=513848"}],"version-history":[{"count":0,"href":"https:\/\/www.europesays.com\/it\/wp-json\/wp\/v2\/posts\/513848\/revisions"}],"wp:featuredmedia":[{"embeddable":true,"href":"https:\/\/www.europesays.com\/it\/wp-json\/wp\/v2\/media\/513849"}],"wp:attachment":[{"href":"https:\/\/www.europesays.com\/it\/wp-json\/wp\/v2\/media?parent=513848"}],"wp:term":[{"taxonomy":"category","embeddable":true,"href":"https:\/\/www.europesays.com\/it\/wp-json\/wp\/v2\/categories?post=513848"},{"taxonomy":"post_tag","embeddable":true,"href":"https:\/\/www.europesays.com\/it\/wp-json\/wp\/v2\/tags?post=513848"}],"curies":[{"name":"wp","href":"https:\/\/api.w.org\/{rel}","templated":true}]}}