{"id":513929,"date":"2026-05-29T13:15:15","date_gmt":"2026-05-29T13:15:15","guid":{"rendered":"https:\/\/www.europesays.com\/it\/513929\/"},"modified":"2026-05-29T13:15:15","modified_gmt":"2026-05-29T13:15:15","slug":"milan-allegri-ce-la-pec-dellesonero-ma-laddio-va-ancora-definito","status":"publish","type":"post","link":"https:\/\/www.europesays.com\/it\/513929\/","title":{"rendered":"Milan-Allegri, c&#8217;\u00e8 la Pec dell&#8217;esonero. Ma l&#8217;addio va ancora definito"},"content":{"rendered":"<p>                                L&#8217;ex tecnico rossonero non ha ancora firmato il contratto col Napoli. Il Diavolo disposto a tenerlo a libro paga fino al 2027, ma balla una possibile buonuscita che rende lo scenario poco lineare<\/p>\n<p class=\"paragraph\" spellcheck=\"true\">Dopo la fumata bianca sull&#8217;accordo progettuale e il &#8220;s\u00ec, lo voglio&#8221; detto a De Laurentiis (con buona pace di Italiano, sedotto e abbandonato), ora il prossimo passo di Allegri verso Napoli \u00e8 di natura strettamente burocratica. Nel senso che in termini pratici Max non ha ancora autografato il contratto che lo legher\u00e0 agli azzurri, anche perch\u00e9 non tutti i passaggi relativi all&#8217;addio sono stati definiti. Questione di tempistiche tecniche, ma non solo: nelle ultime ore \u00e8 arrivata qualche voce allarmata e allarmante a proposito della separazione dal Milan. L&#8217;operazione comunque non \u00e8 a rischio e andr\u00e0 in porto.<\/p>\n<p>        esborso\u2014 \u00a0<\/p>\n<p class=\"paragraph\" spellcheck=\"true\">Cosa \u00e8 successo? Allegri ha ricevuto soltanto nella giornata di ieri (gioved\u00ec 28) la Pec ufficiale del club rossonero, firmata dal presidente Scaroni, in cui gli veniva comunicato il licenziamento. Trattandosi di un esonero e non di una risoluzione, rimarrebbe quindi a libro paga del Milan sino a giugno 2027, ovvero la scadenza naturale del contratto. Uno scenario ben chiaro al quarto piano di via Aldo Rossi, sul quale nessuno ha nulla da eccepire. Anche perch\u00e9 ad aiutare il Diavolo &#8211; e non \u00e8 un aiuto da poco &#8211; \u00e8 una norma del contratto che permette al Milan di &#8220;scalare&#8221; dal suo ingaggio ci\u00f2 che Max percepir\u00e0 dal nuovo club. Detto in soldoni: al Milan guadagnava 5 milioni netti a stagione (che sarebbero saliti a 6 in caso di Champions), il Napoli gli ha messo sul piatto 4,5 (pi\u00f9 bonus). Il che significa un esborso di soli 500mila euro per il club rossonero. Appare chiaro come, in questo contesto, a Casa Milan siano sereni. Allo stesso tempo non \u00e8 per\u00f2 da escludere che Allegri abbia chiesto una buonuscita: a prescindere dall&#8217;entit\u00e0 della cifra eventualmente in ballo, Cardinale non pare disposto a mettere mano al portafogli. Tant&#8217;\u00e8 vero che dall&#8217;entourage del tecnico fanno capire che la situazione non \u00e8 cos\u00ec lineare. Rischio braccio di ferro? Non si pu\u00f2 escludere a priori. I tempi potrebbero quindi rischiare di allungarsi, soprattutto se si andasse realmente verso una risoluzione contrattuale.<\/p>\n","protected":false},"excerpt":{"rendered":"L&#8217;ex tecnico rossonero non ha ancora firmato il contratto col Napoli. Il Diavolo disposto a tenerlo a libro&hellip;\n","protected":false},"author":3,"featured_media":513930,"comment_status":"","ping_status":"","sticky":false,"template":"","format":"standard","meta":{"footnotes":"","_share_on_mastodon":"0"},"categories":[1452],"tags":[2983,3076,62310,721,928,554,31555,6693,8001,25130,33858,54032,26042,1740,1537,90,89,1211,284274,36202,3444,553,248,16411,37961,2441,13832,9611,1739,245,244],"class_list":["post-513929","post","type-post","status-publish","format-standard","has-post-thumbnail","category-calcio","tag-addio","tag-allegri","tag-buonuscita","tag-calcio","tag-chiaro","tag-club","tag-club-rossonero","tag-contratto","tag-diavolo","tag-disposto","tag-esborso","tag-escludere","tag-esonero","tag-football","tag-it","tag-italia","tag-italy","tag-libro","tag-libro-paga","tag-lineare","tag-max","tag-milan","tag-napoli","tag-paga","tag-pec","tag-rischio","tag-risoluzione","tag-rossonero","tag-soccer","tag-sport","tag-sports"],"share_on_mastodon":{"url":"https:\/\/pubeurope.com\/@it\/116658053357411736","error":""},"_links":{"self":[{"href":"https:\/\/www.europesays.com\/it\/wp-json\/wp\/v2\/posts\/513929","targetHints":{"allow":["GET"]}}],"collection":[{"href":"https:\/\/www.europesays.com\/it\/wp-json\/wp\/v2\/posts"}],"about":[{"href":"https:\/\/www.europesays.com\/it\/wp-json\/wp\/v2\/types\/post"}],"author":[{"embeddable":true,"href":"https:\/\/www.europesays.com\/it\/wp-json\/wp\/v2\/users\/3"}],"replies":[{"embeddable":true,"href":"https:\/\/www.europesays.com\/it\/wp-json\/wp\/v2\/comments?post=513929"}],"version-history":[{"count":0,"href":"https:\/\/www.europesays.com\/it\/wp-json\/wp\/v2\/posts\/513929\/revisions"}],"wp:featuredmedia":[{"embeddable":true,"href":"https:\/\/www.europesays.com\/it\/wp-json\/wp\/v2\/media\/513930"}],"wp:attachment":[{"href":"https:\/\/www.europesays.com\/it\/wp-json\/wp\/v2\/media?parent=513929"}],"wp:term":[{"taxonomy":"category","embeddable":true,"href":"https:\/\/www.europesays.com\/it\/wp-json\/wp\/v2\/categories?post=513929"},{"taxonomy":"post_tag","embeddable":true,"href":"https:\/\/www.europesays.com\/it\/wp-json\/wp\/v2\/tags?post=513929"}],"curies":[{"name":"wp","href":"https:\/\/api.w.org\/{rel}","templated":true}]}}