{"id":513953,"date":"2026-05-29T13:28:16","date_gmt":"2026-05-29T13:28:16","guid":{"rendered":"https:\/\/www.europesays.com\/it\/513953\/"},"modified":"2026-05-29T13:28:16","modified_gmt":"2026-05-29T13:28:16","slug":"un-altro-assalto-al-grido-di-allah-lemilia-rossa-e-fuori-controllo","status":"publish","type":"post","link":"https:\/\/www.europesays.com\/it\/513953\/","title":{"rendered":"Un altro assalto al grido di &#8220;Allah&#8221;. L&#8217;Emilia rossa \u00e8 fuori controllo"},"content":{"rendered":"<p>Il tanto decantato dalla sinistra &#8220;modello Emilia-Romagna&#8221; si \u00e8 trasformato in un sistema sempre pi\u00f9 fallimentare tra insicurezza crescente, radicalizzazione islamica, immigrazione fuori controllo, aumento delle tasse regionali per coprire il debito nella sanit\u00e0 e un enorme sistema di welfare di cui usufruiscono in larga parte gli stranieri.<\/p>\n<p>L&#8217;ultimo episodio inquietante \u00e8 avvenuto marted\u00ec sera a Montecchio (Reggio Emilia) quando un quarantenne marocchino ha aggredito i Carabinieri gridando &#8220;Allah Akbar&#8221; e minacciandoli: &#8220;Faccio saltare per aria la caserma&#8221;. Pochi giorni prima, a Reggio Emilia, era stato fermato con l&#8217;accusa di terrorismo il ventiduenne marocchino Jaber Naggay pronto a colpire tra la folla armato di coltello. Sul suo cellulare sono stati rinvenuti contatti con affiliati allo Stato islamico a cui scriveva: &#8220;Far\u00f2 per te un&#8217;azione con ostaggi&#8221;. Sempre in Emilia ma a Modena \u00e8 invece avvenuta la strage compiuta da Salim El Koudri che si \u00e8 gettato con l&#8217;auto contro la folla.<\/p>\n<p>Tutto ci\u00f2 accade in una regione in cui la sinistra (che governa ininterrottamente dal 1970 quando si svolsero le prime elezioni regionali) cerca di nascondere i problemi accusando di &#8220;sciacallaggio&#8221; o di &#8220;seminare odio&#8221; chiunque provi a far emergere le crepe del sistema rosso. Lo si \u00e8 visto con chiarezza dopo l&#8217;attentato di Salim El Koudri a Modena, subito derubricato al gesto di un folle, escludendo qualsiasi legame con la radicalizzazione islamica e con la mancata integrazione delle seconde generazioni. Prima \u00e8 stata organizzata una manifestazione di piazza con l&#8217;apparato del Pd in prima fila cercando di ribaltare la realt\u00e0 ed accusando la destra di voler cavalcare la tragedia poi, dopo la scoperta delle email in cui El Koudri accusava i &#8220;bastardi cristiani&#8221;, si \u00e8 cercato di insabbiare tutto.<\/p>\n<p>Lo stesso modus operandi avvenuto a Ravenna dove l&#8217;indagine della Procura ha fatto emergere un sistema inquietante di vari medici dell&#8217;ospedale cittadino indagati per aver certificato la non idoneit\u00e0 al trasferimento in un Centro di permanenza per il rimpatrio (Cpr) di persone straniere su cui pendeva un decreto di espulsione. Anche in questo caso la sinistra \u00e8 scesa in piazza parlando di &#8220;accuse da dimostrare&#8221;. Eppure la situazione nella regione \u00e8 molto pi\u00f9 seria di quanto si voglia raccontare. Secondo l&#8217;Indice della criminalit\u00e0 pubblicato ogni anno dal &#8220;Sole 24 Ore&#8221;, ben sette citt\u00e0 dell&#8217;Emilia-Romagna compaiono tra le 25 province pi\u00f9 pericolose d&#8217;Italia con due, Bologna e Rimini, tra le prime 5.<\/p>\n<p>Questo preoccupante primato \u00e8 dovuto soprattutto alla criminalit\u00e0 degli stranieri. Secondo i dati forniti dalla regione, nonostante la popolazione straniera residente sia circa il 13% della popolazione, gli stranieri nelle carceri sono il 51% (contro una media nazionale del 31%). Una sproporzione che \u00e8 testimoniata anche dai numeri degli arresti delle Questure nelle province emiliano romagnole. Nonostante ci\u00f2 gli immigrati vengono trattati con tutti gli onori, basti pensare che quasi il 30% del welfare regionale \u00e8 utilizzato dalla popolazione straniera, cos\u00ec come il 25% delle case popolari. C&#8217;\u00e8 poi il dato della percentuale di stranieri che accede ai pronto soccorso senza reali motivi di urgenza che genera un costo enorme per la sanit\u00e0 locale che ha contribuito a generare un debito monstre di centinaia di milioni che si \u00e8 cercato di sanare aumentando le tasse ai cittadini.<\/p>\n<p>Cos\u00ec &#8220;la Giunta regionale ha reputato necessaria la crescita\n<\/p>\n<p>delle entrate nel triennio, attraverso l&#8217;aumento dell&#8217;addizionale regionale Irpef, in maniera progressiva rispetto ai redditi maggiori, dell&#8217;Irap (dal 2026) e del bollo auto&#8221;. Ecco il vero volto del &#8220;modello Emilia-Romagna&#8221;.<\/p>\n","protected":false},"excerpt":{"rendered":"Il tanto decantato dalla sinistra &#8220;modello Emilia-Romagna&#8221; si \u00e8 trasformato in un sistema sempre pi\u00f9 fallimentare tra insicurezza&hellip;\n","protected":false},"author":3,"featured_media":513954,"comment_status":"","ping_status":"","sticky":false,"template":"","format":"standard","meta":{"footnotes":"","_share_on_mastodon":"0"},"categories":[79],"tags":[14,93,94,1634,1537,90,89,7742,7,15,19702,11,84,91,12,85,92],"class_list":["post-513953","post","type-post","status-publish","format-standard","has-post-thumbnail","category-italia","tag-cronaca","tag-cronaca-italiana","tag-cronacaitaliana","tag-islam","tag-it","tag-italia","tag-italy","tag-modena","tag-news","tag-notizie","tag-terrorismo","tag-ultime-notizie","tag-ultime-notizie-e-news-di-oggi","tag-ultime-notizie-italia","tag-ultimenotizie","tag-ultimenotizieenewsdioggi","tag-ultimenotizieitalia"],"share_on_mastodon":{"url":"https:\/\/pubeurope.com\/@it\/116658104285428872","error":""},"_links":{"self":[{"href":"https:\/\/www.europesays.com\/it\/wp-json\/wp\/v2\/posts\/513953","targetHints":{"allow":["GET"]}}],"collection":[{"href":"https:\/\/www.europesays.com\/it\/wp-json\/wp\/v2\/posts"}],"about":[{"href":"https:\/\/www.europesays.com\/it\/wp-json\/wp\/v2\/types\/post"}],"author":[{"embeddable":true,"href":"https:\/\/www.europesays.com\/it\/wp-json\/wp\/v2\/users\/3"}],"replies":[{"embeddable":true,"href":"https:\/\/www.europesays.com\/it\/wp-json\/wp\/v2\/comments?post=513953"}],"version-history":[{"count":0,"href":"https:\/\/www.europesays.com\/it\/wp-json\/wp\/v2\/posts\/513953\/revisions"}],"wp:featuredmedia":[{"embeddable":true,"href":"https:\/\/www.europesays.com\/it\/wp-json\/wp\/v2\/media\/513954"}],"wp:attachment":[{"href":"https:\/\/www.europesays.com\/it\/wp-json\/wp\/v2\/media?parent=513953"}],"wp:term":[{"taxonomy":"category","embeddable":true,"href":"https:\/\/www.europesays.com\/it\/wp-json\/wp\/v2\/categories?post=513953"},{"taxonomy":"post_tag","embeddable":true,"href":"https:\/\/www.europesays.com\/it\/wp-json\/wp\/v2\/tags?post=513953"}],"curies":[{"name":"wp","href":"https:\/\/api.w.org\/{rel}","templated":true}]}}