{"id":514152,"date":"2026-05-29T16:25:15","date_gmt":"2026-05-29T16:25:15","guid":{"rendered":"https:\/\/www.europesays.com\/it\/514152\/"},"modified":"2026-05-29T16:25:15","modified_gmt":"2026-05-29T16:25:15","slug":"domenico-tedesco-nuovo-allenatore-del-bologna-contratto-fino-al-2028","status":"publish","type":"post","link":"https:\/\/www.europesays.com\/it\/514152\/","title":{"rendered":"Domenico Tedesco nuovo allenatore del Bologna: contratto fino al 2028"},"content":{"rendered":"<p>                                Ha 40 anni, \u00e8 nato in Calabria ma cresciuto in Germania, ha vinto due coppe nazionali con Lipsia e Fenerbah\u00e7e ed \u00e8 da tempo un pallino di Sartori<\/p>\n<p class=\"paragraph\" spellcheck=\"true\">E sar\u00e0 proprio come descritto e ipotizzato: dopo un Italiano nato in Germania ecco un italiano che di cognome fa Tedesco. Il Bologna prende, l\u2019ufficialit\u00e0 dovrebbe arrivare a ore, l\u2019ex ct del Belgio oltre che un tecnico che di Coppe ne ha vinte due, una col Fenerbah\u00e7e (2025) e l\u2019altra guidando il Lipsia (2022). Dopo la Coppa Italia vinta con Vincenzo Italiano l\u2019anno scorso, il Bologna non derogher\u00e0 da un profilo vincente: Domenico Tedesco il contratto sar\u00e0 fino al 2028 con opzione per il 2029.<\/p>\n<p>    da aprile\u2014 \u00a0<\/p>\n<p class=\"paragraph is-inline\" spellcheck=\"true\">In tutto questo c\u2019\u00e8 il retroscena: i contatti sarebbero cominciati a fine aprile e quello di gioved\u00ec scorso non era stato il primissimo faccia a faccia fra Bologna e Italiano: forse si era gi\u00e0 capito che qualcosa avrebbe portato all\u2019addio fra il tecnico nato a Karlsruhe e il Bologna? Probabile, avendo ricevuto conferme sui contatti nati gi\u00e0 un mese fa.<\/p>\n<p>    Lui, DiFra e Grosso\u2014 \u00a0<\/p>\n<p class=\"paragraph is-inline\" spellcheck=\"true\">Il Bologna ha avuto sostanzialmente altri tre obiettivi sul tavolo. Eusebio Di Francesco (che alla Roma aveva avuto l\u2019ad rossobl\u00f9 Claudio Fenucci), Daniele De Rossi che per\u00f2 da tempo vede il Genoa come piazza perfetta e Fabio Grosso: il testa a testa virtuale con Domenico Tedesco \u00e8 stato con l\u2019ormai ex allenatore del Sassuolo che per\u00f2 &#8211; attratto da Paratici che lo scelse per i giovani alla Juventus &#8211; ha scelto la Fiorentina.<\/p>\n<p>    curriculum\u2014 \u00a0<\/p>\n<p class=\"paragraph is-inline\" spellcheck=\"true\">Domenico Tedesco ha un\u2019esperienza forte all\u2019estero avendo sempre allenato fuori Italia: dalla salvezza clamorosa con l\u2019Erzgebirge Aue allo Schalke 04, poi Spartak Mosca e Lipsia con l\u2019apice da ct del Belgio della generazione gold: a Euro 2024 esce agli Ottavi contro la Francia. Poi, il Fenerbah\u00e7e al posto di Mourinho, Coppa vinta contro il Galatasaray ed esonero il 27 aprile scorso dopo un ko proprio contro il Gala. E dalla fine di quel mese, probabilmente, sono cominciate le prime telefonate da Bologna.<\/p>\n<p>    Modulo e Dalla\u2014 \u00a0<\/p>\n<p class=\"paragraph is-inline\" spellcheck=\"true\">Nato a Rossano Calabro, 40 anni, approda su una panchina italiana per la prima volta: gi\u00e0 per il dopo-Motta era stato un &#8220;pallino&#8221; di Sartori che a lui e Di Francesco prefer\u00ec Vincenzo Italiano. Tedesco parla sei lingue e adora Lucio Dalla. &#8220;Quando sento &#8216;Stella di mare&#8217; mi emoziono&#8221; ha detto alla Gazzetta. Al Dall\u2019Ara canter\u00e0 &#8220;L\u2019anno che verr\u00e0\u201d spalmando probabilmente un 4-2-3-1 che fino a un certo punto \u00e8 stato modulo base di Italiano. Continuit\u00e0 e calcio europeo per tornare a mettersi sull\u2019Atlante d\u2019Europa.<\/p>\n<p><a class=\"is-partner-link\" href=\"https:\/\/abbonamenti.gazzetta.it\/de-promo-mondiali\/?pwcmp=cta&amp;forceBrowser=true\" rel=\"nofollow noopener\" target=\"_blank\">Gazzetta Mondiale: ogni notte un\u2019edizione straordinaria esclusiva. Non perdertela, abbonati a 1\u20ac\/mese!<\/a><\/p>\n<p>    miranda\u2014 \u00a0<\/p>\n<p class=\"paragraph is-inline\" spellcheck=\"true\">Nel frattempo il Bologna ha comunicato l\u2019avvenuto rinnovo per Juan Miranda, pescato a zero due anni fa e uno dei migliori profili mancini di fascia del campionato: per lui, allungamento fino al 2028.<\/p>\n<p class=\"is-copyright\">\u00a9 RIPRODUZIONE RISERVATA<\/p>\n","protected":false},"excerpt":{"rendered":"Ha 40 anni, \u00e8 nato in Calabria ma cresciuto in Germania, ha vinto due coppe nazionali con Lipsia&hellip;\n","protected":false},"author":3,"featured_media":514153,"comment_status":"","ping_status":"","sticky":false,"template":"","format":"standard","meta":{"footnotes":"","_share_on_mastodon":"0"},"categories":[1452],"tags":[79978,284374,3587,291,586,721,4435,4297,24939,5886,284375,27224,284373,596,1740,1250,3044,7560,1537,90,1599,89,66049,284376,284377,8499,15868,3783,65459,14767,2737,1739,245,244,8233],"class_list":["post-514152","post","type-post","status-publish","format-standard","has-post-thumbnail","category-calcio","tag-adora","tag-adora-lucio","tag-aprile","tag-belgio","tag-bologna","tag-calcio","tag-contatti","tag-coppa","tag-coppe","tag-ct","tag-ct-belgio","tag-domenico","tag-domenico-tedesco","tag-fenerbahce","tag-football","tag-francesco","tag-germania","tag-grosso","tag-it","tag-italia","tag-italiano","tag-italy","tag-lingue","tag-lingue-adora","tag-lingue-adora-lucio","tag-lipsia","tag-lucio","tag-mese","tag-miranda","tag-modulo","tag-nato","tag-soccer","tag-sport","tag-sports","tag-tedesco"],"share_on_mastodon":{"url":"https:\/\/pubeurope.com\/@it\/116658800478392495","error":""},"_links":{"self":[{"href":"https:\/\/www.europesays.com\/it\/wp-json\/wp\/v2\/posts\/514152","targetHints":{"allow":["GET"]}}],"collection":[{"href":"https:\/\/www.europesays.com\/it\/wp-json\/wp\/v2\/posts"}],"about":[{"href":"https:\/\/www.europesays.com\/it\/wp-json\/wp\/v2\/types\/post"}],"author":[{"embeddable":true,"href":"https:\/\/www.europesays.com\/it\/wp-json\/wp\/v2\/users\/3"}],"replies":[{"embeddable":true,"href":"https:\/\/www.europesays.com\/it\/wp-json\/wp\/v2\/comments?post=514152"}],"version-history":[{"count":0,"href":"https:\/\/www.europesays.com\/it\/wp-json\/wp\/v2\/posts\/514152\/revisions"}],"wp:featuredmedia":[{"embeddable":true,"href":"https:\/\/www.europesays.com\/it\/wp-json\/wp\/v2\/media\/514153"}],"wp:attachment":[{"href":"https:\/\/www.europesays.com\/it\/wp-json\/wp\/v2\/media?parent=514152"}],"wp:term":[{"taxonomy":"category","embeddable":true,"href":"https:\/\/www.europesays.com\/it\/wp-json\/wp\/v2\/categories?post=514152"},{"taxonomy":"post_tag","embeddable":true,"href":"https:\/\/www.europesays.com\/it\/wp-json\/wp\/v2\/tags?post=514152"}],"curies":[{"name":"wp","href":"https:\/\/api.w.org\/{rel}","templated":true}]}}