{"id":514253,"date":"2026-05-29T17:46:20","date_gmt":"2026-05-29T17:46:20","guid":{"rendered":"https:\/\/www.europesays.com\/it\/514253\/"},"modified":"2026-05-29T17:46:20","modified_gmt":"2026-05-29T17:46:20","slug":"rabiot-a-napoli-con-allegri-milan-il-retroscena-di-mercato","status":"publish","type":"post","link":"https:\/\/www.europesays.com\/it\/514253\/","title":{"rendered":"Rabiot a Napoli con Allegri? Milan, il retroscena di mercato"},"content":{"rendered":"<p>                                La coppia Max-Adrien pare essere indissolubile, e l&#8217;incertezza in casa rossonera potrebbe spingere il centrocampista verso gli azzurri<\/p>\n<p class=\"paragraph\" spellcheck=\"true\">Si scrive Allegri e si pensa &#8211; d\u2019istinto &#8211; a Rabiot. Perch\u00e9 nell\u2019immaginario calcistico collettivo li hanno legati con il mastice. Perch\u00e9 lo dice il loro vissuto. Perch\u00e9 il giorno in cui AR dovette emigrare da Marsiglia, mica per caso scelse la Milano rossonera e l\u2019allenatore del cuore. E allora, tu chiamale se vuoi suggestioni (o anche emozioni), ma mica poi tanto, perch\u00e9 se il passato \u00e8 una terra straniera, quella di Max Allegri &#8211; allenatore del Napoli in pectore, in attesa della risoluzione con il Milan &#8211; conduce direttamente ad Adrien Rabiot.<\/p>\n<p>    alla juve\u2014 \u00a0<\/p>\n<p class=\"paragraph is-inline\" spellcheck=\"true\">Per tre anni, nella Torino bianconera, Rabiot ha rappresentato il prototipo del centrocampista ideale, 128 partite e sedici gol spaccando in due le linee avversarie, una personalit\u00e0 che assieme alla fisicit\u00e0 s\u2019\u00e8 trasformata in leadership, una corsa lieve e anche possente per non cavalcare quel tempo. Per\u00f2 nulla \u00e8 per sempre e quando Allegri saluta Madame, ironia del destino, Rabiot lascia la Vecchia Signora, per sentire aria di casa. Un anno passa in fretta, Allegri lo vive standosene a guardare il calcio dal proprio salotto di Torino e AR rimane infilato nel caos del Marsiglia, protagonista di uno scontro assai ravvicinato con Rowe che chiude la sua esperienza in Francia, proprio mentre Allegri sta firmando a Milanello. Dicono che le coincidenze siano le cicatrici del destino e finisce com\u2019\u00e8 lecito sospettare: in rossonero, di corsa, arriva quel centrocampista (quasi) indomabile, un puledro di razza che non invecchia e volete che l\u2019uomo che sussurra ai cavalli, adesso, non debba essere accostato alla sua mezzala preferita?\u00a0<\/p>\n<p><a class=\"is-partner-link\" href=\"https:\/\/abbonamenti.gazzetta.it\/de-promo-mondiali\/?pwcmp=cta&amp;forceBrowser=true\" rel=\"nofollow noopener\" target=\"_blank\">Gazzetta Mondiale: ogni notte un\u2019edizione straordinaria esclusiva. Non perdertela, abbonati a 1\u20ac\/mese!<\/a><\/p>\n<p>        <img decoding=\"async\" loading=\"lazy\" alt=\"\" src=\"https:\/\/dimages2.gazzettaobjects.it\/files\/image_527_789_h\/files\/fp\/uploads\/2026\/05\/29\/6a19bcf61190b.r_d.149-271-7870.jpeg\" data-full-src=\"https:\/\/www.europesays.com\/it\/wp-content\/uploads\/2026\/05\/6a19bcf61190b.jpeg\"\/><\/p>\n<p>    centrocampo affollato\u2014 \u00a0<\/p>\n<p class=\"paragraph is-inline\" spellcheck=\"true\">Il mercato \u00e8 la fiera dei sogni, nel Napoli c\u2019\u00e8 un centrocampo di talenti &#8211; da De Bruyne a Gilmour, da Lobotka a McTominay a Vergara, tutti in ordine alfabetico &#8211; e per\u00f2 qualche posto si sta spalancando. Anguissa dovrebbe andar via; Elmas non dovrebbe essere riscattato, avendolo gi\u00e0 detto; e gli amici degli amici, quelli che sanno sempre qualcosina, spingono a non pensare che prima o poi qualcosa possa muoversi, perch\u00e9 il caos rossonero non ha lasciato indifferente Rabiot, che non lascia indifferente n\u00e9 Allegri e n\u00e9 il Napoli. Con indifferenza, facendo finta dunque di niente, \u00e8 il caso di starsene a guardare dal buco della serratura ci\u00f2 che capita altrove: perch\u00e9 certe storie fanno strani giri, non necessariamente finiscono.<\/p>\n<p class=\"is-copyright\">\u00a9 RIPRODUZIONE RISERVATA<\/p>\n","protected":false},"excerpt":{"rendered":"La coppia Max-Adrien pare essere indissolubile, e l&#8217;incertezza in casa rossonera potrebbe spingere il centrocampista verso gli azzurri&hellip;\n","protected":false},"author":3,"featured_media":514254,"comment_status":"","ping_status":"","sticky":false,"template":"","format":"standard","meta":{"footnotes":"","_share_on_mastodon":"0"},"categories":[1452],"tags":[28919,3076,1960,1266,4603,7488,721,18934,3153,7204,1276,397,6018,1740,25936,143909,1537,90,89,565,2735,14944,3444,25273,553,248,1354,46511,284435,21100,9611,1739,245,244],"class_list":["post-514253","post","type-post","status-publish","format-standard","has-post-thumbnail","category-calcio","tag-adrien","tag-allegri","tag-allenatore","tag-amici","tag-ar","tag-aria","tag-calcio","tag-caos","tag-centrocampista","tag-centrocampo","tag-corsa","tag-destino","tag-dovrebbe","tag-football","tag-guardare","tag-indifferente","tag-it","tag-italia","tag-italy","tag-juve","tag-lascia","tag-marsiglia","tag-max","tag-mica","tag-milan","tag-napoli","tag-ne","tag-rabiot","tag-rabiot-lascia","tag-rossonera","tag-rossonero","tag-soccer","tag-sport","tag-sports"],"share_on_mastodon":{"url":"https:\/\/pubeurope.com\/@it\/116659119697989651","error":""},"_links":{"self":[{"href":"https:\/\/www.europesays.com\/it\/wp-json\/wp\/v2\/posts\/514253","targetHints":{"allow":["GET"]}}],"collection":[{"href":"https:\/\/www.europesays.com\/it\/wp-json\/wp\/v2\/posts"}],"about":[{"href":"https:\/\/www.europesays.com\/it\/wp-json\/wp\/v2\/types\/post"}],"author":[{"embeddable":true,"href":"https:\/\/www.europesays.com\/it\/wp-json\/wp\/v2\/users\/3"}],"replies":[{"embeddable":true,"href":"https:\/\/www.europesays.com\/it\/wp-json\/wp\/v2\/comments?post=514253"}],"version-history":[{"count":0,"href":"https:\/\/www.europesays.com\/it\/wp-json\/wp\/v2\/posts\/514253\/revisions"}],"wp:featuredmedia":[{"embeddable":true,"href":"https:\/\/www.europesays.com\/it\/wp-json\/wp\/v2\/media\/514254"}],"wp:attachment":[{"href":"https:\/\/www.europesays.com\/it\/wp-json\/wp\/v2\/media?parent=514253"}],"wp:term":[{"taxonomy":"category","embeddable":true,"href":"https:\/\/www.europesays.com\/it\/wp-json\/wp\/v2\/categories?post=514253"},{"taxonomy":"post_tag","embeddable":true,"href":"https:\/\/www.europesays.com\/it\/wp-json\/wp\/v2\/tags?post=514253"}],"curies":[{"name":"wp","href":"https:\/\/api.w.org\/{rel}","templated":true}]}}