{"id":514279,"date":"2026-05-29T18:08:26","date_gmt":"2026-05-29T18:08:26","guid":{"rendered":"https:\/\/www.europesays.com\/it\/514279\/"},"modified":"2026-05-29T18:08:26","modified_gmt":"2026-05-29T18:08:26","slug":"roland-garros-cobolli-berrettini-e-arnaldi-per-colmare-il-vuoto-di-sinner","status":"publish","type":"post","link":"https:\/\/www.europesays.com\/it\/514279\/","title":{"rendered":"Roland Garros: Cobolli, Berrettini e Arnaldi per colmare il vuoto di Sinner"},"content":{"rendered":"<p>                                Nella parte alta del tabellone orfana di Jannik, i tre azzurri in grande crescita non troveranno avversari contro cui partono battuti. L&#8217;ipotesi di un doppio derby<\/p>\n<p>            <a class=\"image is-50x50\" href=\"https:\/\/www.gazzetta.it\/collaboratori\/luigi-ansaloni\/\" rel=\"nofollow noopener\" target=\"_blank\"><br \/>\n                <img decoding=\"async\" class=\"is-rounded\" src=\"https:\/\/www.europesays.com\/it\/wp-content\/uploads\/2026\/03\/1774472354_735_omino.png\" alt=\"Luigi Ansaloni\"\/><br \/>\n            <\/a><\/p>\n<p>Collaboratore<\/p>\n<p>                    29 maggio &#8211; 18:53  &#8211; MILANO<\/p>\n<p class=\"paragraph\" spellcheck=\"true\">Con l\u2019eliminazione di Jannik Sinner la parte alta del tabellone maschile del Roland Garros \u00e8 di colpo diventata terra di possibilit\u00e0 per chiunque. Di certo, avremo un finalista totalmente inaspettato, tra i sedici partecipanti rimasti da quella parte. Tra di loro ci sono tre italiani, autorizzati a sognare il colpaccio: Flavio Cobolli, Matteo Arnaldi e Matteo Berrettini. Con la possibilit\u00e0 di non uno, ma addirittura due possibili derby.\u00a0<\/p>\n<p>        La grande occasione di Flavio\u2014 \u00a0<\/p>\n<p class=\"paragraph\" spellcheck=\"true\">Cobolli \u00e8 testa di serie numero 10 del torneo, la seconda pi\u00f9 alta rimasta da quel lato di tabellone dopo la n.4, Felix Auger Aliassime. La sensazione generale per\u00f2, classifica a parte, \u00e8 che Flavio, a 24 anni, sia veramente in rampa di lancio, con la finale qualcosa pi\u00f9 di un sogno. Nei primi due turni l\u2019azzurro non ha perso un set e ha mostrato un gioco davvero solido e in costante miglioramento. Ha due incontri non facili per arrivare in semifinale. Il primo, al terzo turno, contro Tien, classe 2005 ormai realt\u00e0 del circuito, giocatore difficile da affrontare, per poi avere agli ottavi uno tra Svajda e Francisco Cerundolo. Nei quarti, potrebbe avere uno tra Nakashima, Tabilo, il fenomenale 17enne francese Kouame e Felix Auger-Aliassime. Nessuno di loro sarebbe fuori dalla portata di Flavio. Nemmeno il canadese.\u00a0<\/p>\n<p>        L\u2019esperienza di Berrettini\u2014 \u00a0<\/p>\n<p class=\"paragraph\" spellcheck=\"true\">Matteo Berrettini \u00e8 l\u2019unico dei sedici rimasti nella parte alta del tabellone ad aver raggiunto una finale Slam, a Wimbledon 2021. Il romano ha 30 anni, \u00e8 quello che ha pi\u00f9 esperienza di tutti, sa gestire la pressione e sta giocando libero, leggero e soprattutto a un livello che non si vedeva da tanto tempo. Ha battuto bene Fucsovics, ha dato spettacolo contro Rinderknech. Berrettini al terzo turno affronter\u00e0 Comesana, per avere poi in caso, agli ottavi, uno tra Juan Manuel Cerundolo e Martin Landaluce. Entrambi i match sono alla sua portata, se continuer\u00e0 a giocare bene. Per avere poi, chiss\u00e0, un incredibile derby.\u00a0<\/p>\n<p>        Sorpresa Arnaldi\u2014 \u00a0<\/p>\n<p class=\"paragraph\" spellcheck=\"true\">Si, perch\u00e9 l\u2019altro Matteo rimasto, Arnaldi, potrebbe sfidare Berrettini nei quarti di finale, per avere cos\u00ec un sicuro azzurro semifinalista. Il ligure sta dimostrando la sua ritrovata forma, e a Parigi ha gi\u00e0 battuto due tennisti di nome come l\u2019olandese Griekspoor al primo turno e dopo nientemeno che Stefanos Tsitsipas. Certo, il greco non \u00e8 nemmeno lontano parente di quello che al Roland Garros arrivava in finale, ma quella di Arnaldi \u00e8 comunque una vittoria di prestigio. Al terzo turno Matteo avr\u00e0 il belga Collignon, per poi incontrare, negli ottavi, in caso di vittoria, uno tra Faria e Tiafoe. Tutti avversari pi\u00f9 che fattibili, niente di insormontabile. Sognando il derby nei quarti con Berrettini e poi, chiss\u00e0, perch\u00e9 no, contro Cobolli in semifinale.<\/p>\n<p class=\"is-copyright\">\u00a9 RIPRODUZIONE RISERVATA<\/p>\n","protected":false},"excerpt":{"rendered":"Nella parte alta del tabellone orfana di Jannik, i tre azzurri in grande crescita non troveranno avversari contro&hellip;\n","protected":false},"author":3,"featured_media":514280,"comment_status":"","ping_status":"","sticky":false,"template":"","format":"standard","meta":{"footnotes":"","_share_on_mastodon":"0"},"categories":[1457],"tags":[3432,7554,267962,7916,284438,37521,37522,8449,7920,4291,3049,48558,5369,20222,5187,4876,34241,41328,41219,1426,18672,7340,3650,1537,90,89,114,34979,4426,245,244,8934,1273,32852,4960,19627],"class_list":["post-514279","post","type-post","status-publish","format-standard","has-post-thumbnail","category-tennis","tag-aliassime","tag-alta","tag-alta-tabellone","tag-arnaldi","tag-arnaldi-matteo","tag-auger","tag-auger-aliassime","tag-avversari","tag-azzurro","tag-battuto","tag-berrettini","tag-cerundolo","tag-chissa","tag-cobolli","tag-derby","tag-esperienza","tag-felix","tag-felix-auger","tag-felix-auger-aliassime","tag-finale","tag-flavio","tag-flavio-cobolli","tag-garros","tag-it","tag-italia","tag-italy","tag-matteo","tag-ottavi","tag-quarti","tag-sport","tag-sports","tag-tabellone","tag-tennis","tag-terzo-turno","tag-terzo","tag-turno"],"share_on_mastodon":{"url":"https:\/\/pubeurope.com\/@it\/116659205462076000","error":""},"_links":{"self":[{"href":"https:\/\/www.europesays.com\/it\/wp-json\/wp\/v2\/posts\/514279","targetHints":{"allow":["GET"]}}],"collection":[{"href":"https:\/\/www.europesays.com\/it\/wp-json\/wp\/v2\/posts"}],"about":[{"href":"https:\/\/www.europesays.com\/it\/wp-json\/wp\/v2\/types\/post"}],"author":[{"embeddable":true,"href":"https:\/\/www.europesays.com\/it\/wp-json\/wp\/v2\/users\/3"}],"replies":[{"embeddable":true,"href":"https:\/\/www.europesays.com\/it\/wp-json\/wp\/v2\/comments?post=514279"}],"version-history":[{"count":0,"href":"https:\/\/www.europesays.com\/it\/wp-json\/wp\/v2\/posts\/514279\/revisions"}],"wp:featuredmedia":[{"embeddable":true,"href":"https:\/\/www.europesays.com\/it\/wp-json\/wp\/v2\/media\/514280"}],"wp:attachment":[{"href":"https:\/\/www.europesays.com\/it\/wp-json\/wp\/v2\/media?parent=514279"}],"wp:term":[{"taxonomy":"category","embeddable":true,"href":"https:\/\/www.europesays.com\/it\/wp-json\/wp\/v2\/categories?post=514279"},{"taxonomy":"post_tag","embeddable":true,"href":"https:\/\/www.europesays.com\/it\/wp-json\/wp\/v2\/tags?post=514279"}],"curies":[{"name":"wp","href":"https:\/\/api.w.org\/{rel}","templated":true}]}}