{"id":514319,"date":"2026-05-29T18:40:19","date_gmt":"2026-05-29T18:40:19","guid":{"rendered":"https:\/\/www.europesays.com\/it\/514319\/"},"modified":"2026-05-29T18:40:19","modified_gmt":"2026-05-29T18:40:19","slug":"atletico-barcellona-guerra-social-su-julian-alvarez","status":"publish","type":"post","link":"https:\/\/www.europesays.com\/it\/514319\/","title":{"rendered":"Atletico-Barcellona: guerra social su Julian Alvarez"},"content":{"rendered":"<p>                                I Colchoneros rispondono alle voci di mercato sul possibile arrivo in blaugrana dell&#8217;argentino con fotomontaggi di Yamal, Pedri e Raphinha in maglia rojiblanca e offerte surreali. Poi l&#8217;ultimo post con pesanti accuse nei confronti degli avversari<\/p>\n<p>            <a class=\"image is-50x50\" href=\"https:\/\/www.gazzetta.it\/redazione\/filippo-conticello\/\" rel=\"nofollow noopener\" target=\"_blank\"><br \/>\n                <img decoding=\"async\" class=\"is-rounded\" src=\"https:\/\/www.europesays.com\/it\/wp-content\/uploads\/2025\/10\/filippo_conticello_avatar.png\" alt=\"Filippo Conticello\"\/><br \/>\n            <\/a><\/p>\n<p>Giornalista<\/p>\n<p>                    29 maggio &#8211; 19:43  &#8211; MILANO<\/p>\n<p class=\"paragraph\" spellcheck=\"true\">Tra tutti i modi per darsi battaglia e polemizzare con un club rivale, questo scelto dall\u2019Atletico \u00e8 il pi\u00f9 originale, rivoluzionario e pure appuntito. I madrileni hanno usato l&#8217;arma dell&#8217;ironia social per rispondere alle insistenti voci che accostano al Barcellona la loro stella Julian Alvarez e che sarebbero soffiate proprio dalla casa madre catalana. Attraverso un post diventato immediatamente virale, l&#8217;Atleti ha pubblicato un fotomontaggio di Lamine Yamal con la maglia rojiblanca, accompagnandolo con una finta proposta di mercato: &#8220;Abbiamo inviato un fax al Barcellona con la nostra offerta di trasferimento: quattro biglietti per il concerto di Bad Bunny, un abbonamento annuale al quotidiano \u2018ABC\u2019 e una busta di semi di girasole. Attendiamo la risposta per preparare l&#8217;annuncio&#8221;. Il riferimento a Bad Bunny non \u00e8 casuale: proprio nei giorni scorsi il fenomeno catalano era stato tra gli ospiti pi\u00f9 fotografati ai concerti sold out della superstar portoricana all&#8217;Estadi Ol\u00edmpic di Barcellona, assieme a diversi compagni di squadra.<\/p>\n<p>    infiammabile\u2014 \u00a0<\/p>\n<p class=\"paragraph is-inline\" spellcheck=\"true\">A Madrid ci hanno preso gusto, cos\u00ec la provocazione \u00e8 proseguita: l\u2019Atletico ha immediatamente rincarato la dose con altri contenuti social dedicati anche a Pedri e Raphinha. Ecco in pasto ai social nuove immagini generate con l&#8217;intelligenza artificiale dei giocatori di Flick con la maglia dei Colchoneros. &#8220;Per questa seconda offerta abbiamo avuto un problema, abbiamo finito i biglietti per il concerto di domani, quindi abbiamo migliorato la proposta precedente con 6 per quella di domenica&#8221;, si legge nel post su X dedicato al centrocampista spagnolo. &#8220;E per completare il 3&#215;1 non badiamo a spese: il giocatore arriva in prestito per una stagione e in cambio rinunciamo a Tom Ford e Smith senza un&#8217;opzione di acquisto. Offerta che non pu\u00f2 essere rifiutata&#8221;, l\u2019altro sapido tweet riferito all\u2019esterno brasiliano. In aggiunta una frecciata ai dirigenti avversari: &#8220;Vogliamo approfittare dell&#8217;occasione per smentire categoricamente che abbiamo fatto un&#8217;offerta al direttore sportivo del Barcellona affinch\u00e9 si unisca al nostro team di osservatori nel mercato brasiliano&#8221;.<\/p>\n<p><a class=\"is-partner-link\" href=\"https:\/\/abbonamenti.gazzetta.it\/gazzetta_ai_predictor_standard\/?intcmp=linkArticoloLaLiga\" rel=\"nofollow noopener\" target=\"_blank\">Pronostici sulla Liga generati dalla nostra IA. Prova gratis Gazzetta AI Predictor.<\/a><\/p>\n<p>    l&#8217;ultimo attacco\u2014 \u00a0<\/p>\n<p class=\"paragraph is-inline\" spellcheck=\"true\">La ciliegina finale \u00e8 ben pi\u00f9 seria, poggiata via Instagram: &#8220;No, l&#8217;Atletico non farebbe mai una cosa del genere. Tuttavia, negli ultimi mesi stiamo subendo una campagna fatta da attacchi contro uno dei nostri giocatori. Fake news, continue mancanze di rispetto, la versione cul\u00e9 della macchina del fango che inventa storielle, chiamate prima degli scontri diretti&#8230; (le due squadre si sono sfidate nei quarti di Champions, ndr) Ma a noi non verrebbe nemmeno in mente di avere a libro paga il vicepresidente degli arbitri (il riferimento \u00e8 al caso Negreira, ndr) o di ricorrere a favori politici per iscrivere giocatori. Rispetto e valori&#8221;. In Spagna il mercato non \u00e8 nemmeno cominciato, ma le continue speculazioni sul futuro di Julian sono ormai materiale infiammabile: accenderanno di certo altre micce, nella vita reale e pure sui social. E pensare che un tempo la rivale madrilena del Barcellona era un\u2019altra, in maglia bianco latte e senza quelle righe rosse.<\/p>\n<p class=\"is-copyright\">\u00a9 RIPRODUZIONE RISERVATA<\/p>\n","protected":false},"excerpt":{"rendered":"I Colchoneros rispondono alle voci di mercato sul possibile arrivo in blaugrana dell&#8217;argentino con fotomontaggi di Yamal, Pedri&hellip;\n","protected":false},"author":3,"featured_media":514320,"comment_status":"","ping_status":"","sticky":false,"template":"","format":"standard","meta":{"footnotes":"","_share_on_mastodon":"0"},"categories":[1452],"tags":[44301,29372,5358,8449,21758,143935,351,11439,284457,4433,57290,721,44302,1569,104352,1740,3412,10154,47131,24686,1537,90,89,26386,1211,284274,2219,284458,1412,4052,1413,16411,50739,284459,978,1398,177188,10226,1270,1739,1686,245,244],"class_list":["post-514319","post","type-post","status-publish","format-standard","has-post-thumbnail","category-calcio","tag-alvarez","tag-arbitri","tag-atletico","tag-avversari","tag-bad","tag-bad-bunny","tag-barcellona","tag-biglietti","tag-biglietti-concerto","tag-brasiliano","tag-bunny","tag-calcio","tag-colchoneros","tag-concerto","tag-continue","tag-football","tag-giocatori","tag-immediatamente","tag-infiammabile","tag-ironia","tag-it","tag-italia","tag-italy","tag-julian","tag-libro","tag-libro-paga","tag-maglia","tag-maglia-rojiblanca","tag-mercato","tag-ndr","tag-offerta","tag-paga","tag-pedri","tag-pedri-raphinha","tag-post","tag-proposta","tag-raphinha","tag-riferimento","tag-rispetto","tag-soccer","tag-social","tag-sport","tag-sports"],"share_on_mastodon":{"url":"https:\/\/pubeurope.com\/@it\/116659331733502119","error":""},"_links":{"self":[{"href":"https:\/\/www.europesays.com\/it\/wp-json\/wp\/v2\/posts\/514319","targetHints":{"allow":["GET"]}}],"collection":[{"href":"https:\/\/www.europesays.com\/it\/wp-json\/wp\/v2\/posts"}],"about":[{"href":"https:\/\/www.europesays.com\/it\/wp-json\/wp\/v2\/types\/post"}],"author":[{"embeddable":true,"href":"https:\/\/www.europesays.com\/it\/wp-json\/wp\/v2\/users\/3"}],"replies":[{"embeddable":true,"href":"https:\/\/www.europesays.com\/it\/wp-json\/wp\/v2\/comments?post=514319"}],"version-history":[{"count":0,"href":"https:\/\/www.europesays.com\/it\/wp-json\/wp\/v2\/posts\/514319\/revisions"}],"wp:featuredmedia":[{"embeddable":true,"href":"https:\/\/www.europesays.com\/it\/wp-json\/wp\/v2\/media\/514320"}],"wp:attachment":[{"href":"https:\/\/www.europesays.com\/it\/wp-json\/wp\/v2\/media?parent=514319"}],"wp:term":[{"taxonomy":"category","embeddable":true,"href":"https:\/\/www.europesays.com\/it\/wp-json\/wp\/v2\/categories?post=514319"},{"taxonomy":"post_tag","embeddable":true,"href":"https:\/\/www.europesays.com\/it\/wp-json\/wp\/v2\/tags?post=514319"}],"curies":[{"name":"wp","href":"https:\/\/api.w.org\/{rel}","templated":true}]}}