{"id":514364,"date":"2026-05-29T19:12:20","date_gmt":"2026-05-29T19:12:20","guid":{"rendered":"https:\/\/www.europesays.com\/it\/514364\/"},"modified":"2026-05-29T19:12:20","modified_gmt":"2026-05-29T19:12:20","slug":"raf-testo-e-significato-del-singolo-pazzi-stupidi-ragazzi-che-esce-oggi-i-sky-tg24","status":"publish","type":"post","link":"https:\/\/www.europesays.com\/it\/514364\/","title":{"rendered":"Raf, testo e significato del singolo Pazzi Stupidi Ragazzi che esce oggi I Sky TG24"},"content":{"rendered":"<p>A pochi mesi dalla partecipazione al Festival di Sanremo 2026 con Ora e per sempre, il cantautore rientra sulla scena con un brano inedito che funge da ponte verso il futuro album di canzoni originali atteso per l\u2019autunno. Il singolo \u00e8\u00a0disponibile da venerd\u00ec 29 maggio su piattaforme digitali e programmazioni radiofoniche<\/p>\n<p><a data-intcmp=\"skytg24_foglia articolo_interlink_text\" href=\"https:\/\/tg24.sky.it\/argomenti\/raf\" target=\"_self\" rel=\"nofollow noopener\">Raf<\/a>\u00a0ci offre un ritorno discografico che si concretizza con un brano che arriva come una sorpresa dopo l\u2019esperienza sanremese. Il singolo si inserisce in una fase di rilancio creativo che anticipa un progetto pi\u00f9 ampio previsto nei prossimi mesi e segna una nuova tappa nella traiettoria artistica del cantautore.<\/p>\n<p>\u00a0<\/p>\n<p>A pochi mesi dalla partecipazione al Festival di Sanremo 2026 con Ora e per sempre, il cantautore rientra sulla scena con un brano inedito che funge da ponte verso il futuro album di canzoni originali atteso per l\u2019autunno. Il singolo, intitolato Pazzi Stupidi Ragazzi, \u00e8 disponibile da oggi &#8211; venerd\u00ec 29 maggio 2026 &#8211; su piattaforme digitali e programmazioni radiofoniche. Potete ascoltare la canzone nel video che trovate in fondo a questo articolo.\u00a0<\/p>\n<p>La pubblicazione avviene sotto etichetta Warner Records con la produzione esecutiva di Girotondo srl, segnando cos\u00ec l\u2019avvio di una nuova fase progettuale che si sviluppa in continuit\u00e0 con le esperienze pi\u00f9 recenti dell\u2019artista.<\/p>\n<p>\u00a0<\/p>\n<p>Scopriamo di seguito le parole e il significato tra le righe di\u00a0Pazzi Stupidi Ragazzi.\u00a0<\/p>\n<p>\t\t \tIl testo di Pazzi Stupidi Ragazzi<\/p>\n<p>Prima di noi mica c\u2019era musica<br \/>prima di noi<br \/>ogni volta l\u2019ultima<br \/>prima di noi<br \/>mica c\u2019era un senso ma<br \/>ma da quando sei nella mia vita<br \/>che sensazione forte, fa tremare le stelle<br \/>ti entra nella pelle<br \/>suona come una chitarra<br \/>e negli anni, si amplifica come vortici<\/p>\n<p>\u00a0<\/p>\n<p>Tu li hai visti mai due cos\u00ec<br \/>che si amano<br \/>come noi mentre ridono piangono<br \/>come pazzi, stupidi ragazzi che<br \/>che non hanno smesso di mancarsi<\/p>\n<p>\u00a0<\/p>\n<p>Lontano non so starti<br \/>una storia unica<br \/>siamo sempre noi<br \/>poliziotti e Hooligans<br \/>quante volte ci siamo rincorsi<br \/>non so<br \/>s\u00ec per\u00f2 \u00e8 cos\u00ec magico<br \/>che sensazione forte fa tremare le stelle<br \/>ti entra nella pelle<br \/>suona come una chitarra<br \/>e negli anni<br \/>si amplifica come oceani<\/p>\n<p>\u00a0<\/p>\n<p>Tu li hai visti mai due cos\u00ec<br \/>che si amano<br \/>che come noi mentre ridono piangono<br \/>come pazzi, stupidi ragazzi che<br \/>che non hanno smesso di mancarsi<\/p>\n<p>\u00a0<\/p>\n<p>Ma tu li hai visti mai due cos\u00ec<br \/>che si cercano<br \/>nel mondo due come noi non esistono<br \/>le distanze, li differenze<br \/>sono solo inganni della mente<\/p>\n<p>\u00a0<\/p>\n<p>Con le scarpe slacciate<br \/>noi che corriamo incontro all\u2019estate<br \/>sotto un cielo che cade<br \/>contare le stelle con te<br \/>\u00e8 spettacolare<\/p>\n<p>\u00a0<\/p>\n<p>Tu li hai visti mai due cos\u00ec<br \/>che si amano<br \/>come noi mentre ridono piangono<br \/>come pazzi, stupidi ragazzi che<br \/>che non hanno smesso di mancarsi<\/p>\n<p>\u00a0<\/p>\n<p>Ma tu li hai visti mai due cos\u00ec<br \/>che si amano<br \/>e come noi mentre ridono piangono<br \/>come passi stupidi ragazzi che<br \/>che non hanno smesso di mancarsi<\/p>\n<p>\u00a0<\/p>\n<p>Ma tu li hai visti mai due cos\u00ec<br \/>che si cercano<br \/>nel mondo due come noi si rincorrono<br \/>come pazzi, da sempre gli stessi che<br \/>si perdono per ritrovarsi<br \/>stupidi ragazzi, stupidi ragazzi<\/p>\n<p>\t\t\t<a class=\"c-inline-card j-inline-card c-inline-card--with-image\" href=\"https:\/\/tg24.sky.it\/spettacolo\/musica\/video\/2026\/05\/29\/raf-carriera-1101839\" rel=\"follow nofollow noopener\" data-intcmp=\"skytg24_articolo_approfondimenti_inline\" target=\"_blank\"><\/p>\n<p>\t\t\t         <img decoding=\"async\" crossorigin=\"anonymous\" alt=\"\" src=\"https:\/\/www.europesays.com\/it\/wp-content\/uploads\/2026\/05\/1101839_1780072045595_thumb_494.0000001_1780072071965.jpg\"  loading=\"lazy\"  bad-src=\"https:\/\/www.europesays.com\/it\/wp-content\/uploads\/2026\/05\/1101839_1780072045595_thumb_494.0000001_1780072071965.jpg\"\/><\/p>\n<p>\n\t\t\t         Approfondimento<br \/>\n\t\t\t         Raf, la carriera\n\t\t\t      <\/p>\n<p>\t\t\t<\/a><\/p>\n<p>\t\t \tIl significato di Pazzi Stupidi Ragazzi<\/p>\n<p>Il nuovo singolo di Raf,\u00a0Pazzi Stupidi Ragazzi, si concentra su una narrazione sentimentale intensa, costruita attorno a un amore impulsivo e privo di mediazioni razionali. Il racconto mette in scena un legame che si sviluppa oltre ogni limite convenzionale, resistente al tempo, alla distanza e alle differenze individuali. Al centro vi sono due persone che si inseguono e si ritrovano continuamente, spinte da un sentimento che annulla ostacoli e paure, comprese quelle che spesso nascono nella mente.<\/p>\n<p>Dal punto di vista sonoro, il brano si muove su coordinate electropop dal ritmo sostenuto, con un impianto pensato per coniugare movimento e intensit\u00e0 emotiva. Le atmosfere evocano scenari notturni, immagini romantiche e suggestioni estive, in un equilibrio tra dimensione danzabile e componente sentimentale. La scrittura mantiene una vocazione popolare che ha caratterizzato nel tempo la produzione dell\u2019artista.<\/p>\n<p>Il pezzo \u00e8 stato realizzato da Raf insieme a Piero Romitelli, figura attiva nella scena musicale italiana contemporanea e presente in numerose collaborazioni con artisti del panorama pop nazionale.<\/p>\n<p>A delineare ulteriormente l\u2019intenzione del brano \u00e8 lo stesso artista, che ne sintetizza lo spirito attraverso una dichiarazione diretta: \u201cHo voluto raccontare la libert\u00e0 di amarsi senza filtri e senza condizioni, con quella parte un po\u2019 folle e sincera che ci rende tutti, in fondo, ancora \u2018pazzi stupidi ragazzi\u2019. Nel brano c\u2019\u00e8 nostalgia, ma anche energia, voglia di vivere e di lasciarsi andare.\u201d<\/p>\n<p>\t\t\t<a class=\"c-inline-card j-inline-card c-inline-card--with-image\" href=\"https:\/\/tg24.sky.it\/spettacolo\/musica\/2026\/02\/27\/raf-the-kolors-cover-sanremo-2026-the-riddle-duetto\" rel=\"follow nofollow noopener\" data-intcmp=\"skytg24_articolo_approfondimenti_inline\" target=\"_blank\"><\/p>\n<p>\t\t\t         <img decoding=\"async\" crossorigin=\"anonymous\" alt=\"\" src=\"https:\/\/www.europesays.com\/it\/wp-content\/uploads\/2026\/04\/raf-the-kolors-festival-sanremo-duetti.jpg\"  loading=\"lazy\"  bad-src=\"https:\/\/www.europesays.com\/it\/wp-content\/uploads\/2026\/04\/raf-the-kolors-festival-sanremo-duetti.jpg\"\/><\/p>\n<p>\n\t\t\t         Approfondimento<br \/>\n\t\t\t         Raf con i The Kolors a Sanremo 2026, il duetto di The Riddle\n\t\t\t      <\/p>\n<p>\t\t\t<\/a><\/p>\n<p>\t\t \tDa Sanremo all\u2019album: una traiettoria in evoluzione<\/p>\n<p>Pazzi Stupidi Ragazzi si colloca come elemento di connessione tra la partecipazione di Raf al Sanremo 2026 e il successivo album di inediti previsto per l\u2019autunno. Il progetto si inserisce in una carriera che supera i quarant\u2019anni di attivit\u00e0, articolata in 14 album in studio e oltre 20 milioni di dischi venduti, rappresentando una nuova tappa all\u2019interno di un percorso artistico gi\u00e0 ampiamente consolidato.<\/p>\n<p>\u00a0<\/p>\n<p>Il singolo Pazzi Stupidi Ragazzi\u00a0accompagna inoltre un calendario gi\u00e0 definito che riguarda il ritorno dal vivo di Raf. A partire da luglio \u00e8 previsto il tour Infinito \u2013 Estate 2026, mentre in autunno l\u2019artista approder\u00e0 nei palasport di Roma, Milano e Napoli con Infinito \u2013 Palasport 2026. In questa occasione sar\u00e0 celebrato anche il venticinquesimo anniversario di uno dei brani simbolo della sua carriera. Le tappe del tour rappresentano dunque un ulteriore elemento di raccordo tra passato e presente, in un percorso che attraversa oltre quarant\u2019anni di attivit\u00e0 musicale.<\/p>\n<p>\t\t\t<a class=\"c-inline-card j-inline-card c-inline-card--with-image\" href=\"https:\/\/tg24.sky.it\/spettacolo\/musica\/approfondimenti\/ora-e-per-sempre-raf-sanremo-testo\" rel=\"follow nofollow noopener\" data-intcmp=\"skytg24_articolo_approfondimenti_inline\" target=\"_blank\"><\/p>\n<p>\t\t\t         <img decoding=\"async\" crossorigin=\"anonymous\" alt=\"\" src=\"https:\/\/www.europesays.com\/it\/wp-content\/uploads\/2026\/05\/raf_ansa.jpg\"  loading=\"lazy\"  bad-src=\"https:\/\/www.europesays.com\/it\/wp-content\/uploads\/2026\/05\/raf_ansa.jpg\"\/><\/p>\n<p>\n\t\t\t         Approfondimento<br \/>\n\t\t\t         Sanremo 2026, Raf con Ora e per sempre. Testo e recensione\n\t\t\t      <\/p>\n<p>\t\t\t<\/a><\/p>\n<p>\t\t \tLa carriera di Raf<\/p>\n<p>Raf (Raffaele Riefoli, nato nel 1959 a Margherita di Savoia) \u00e8 un cantautore italiano tra i protagonisti del pop dagli anni Ottanta a oggi: dopo gli esordi tra Firenze e Londra e il sodalizio con Giancarlo Bigazzi, raggiunge il successo internazionale nel 1984 con Self Control, affermandosi poi come autore e interprete con brani e momenti chiave come Si pu\u00f2 dare di pi\u00f9 (Sanremo 1987), Gente di mare (Eurovision 1987 con Umberto Tozzi) e successi degli anni Novanta tra cui Cosa rester\u00e0 degli anni \u201980, Ti pretendo e Il battito animale, mentre negli anni Duemila e successivi consolida la sua carriera con album come Iperbole, Passeggeri distratti, Metamorfosi e Numeri, collaborando con numerosi artisti della scena italiana; continua a essere attivo anche negli anni recenti, celebrando il quarantennale di Self Control nel 2024 con un tour e nuove versioni dei suoi brani e tornando in gara al Festival di Sanremo nel 2026 con Ora e per sempre.<\/p>\n<p>\t\t\t<a class=\"c-inline-card j-inline-card c-inline-card--with-image\" href=\"https:\/\/tg24.sky.it\/spettacolo\/video\/2026\/02\/18\/aspettando-sanremo-il-ritorno-di-raf-con-ora-e-per-sempre-1075373\" rel=\"follow nofollow noopener\" data-intcmp=\"skytg24_articolo_approfondimenti_inline\" target=\"_blank\"><\/p>\n<p>\t\t\t         <img decoding=\"async\" crossorigin=\"anonymous\" alt=\"\" src=\"https:\/\/www.europesays.com\/it\/wp-content\/uploads\/2026\/05\/1075373_1771415915659_thumb_494.0000001_1771419076353.jpg\"  loading=\"lazy\"  bad-src=\"https:\/\/www.europesays.com\/it\/wp-content\/uploads\/2026\/05\/1075373_1771415915659_thumb_494.0000001_1771419076353.jpg\"\/><\/p>\n<p>\n\t\t\t         Approfondimento<br \/>\n\t\t\t         Aspettando Sanremo, il ritorno di Raf con &#8220;Ora e per sempre&#8221;\n\t\t\t      <\/p>\n<p>\t\t\t<\/a><\/p>\n<p>\t            TAG:<\/p>\n","protected":false},"excerpt":{"rendered":"A pochi mesi dalla partecipazione al Festival di Sanremo 2026 con Ora e per sempre, il cantautore rientra&hellip;\n","protected":false},"author":3,"featured_media":514365,"comment_status":"","ping_status":"","sticky":false,"template":"","format":"standard","meta":{"footnotes":"","_share_on_mastodon":"0"},"categories":[1443],"tags":[203,204,1537,90,89,1538,1539,90540,4409],"class_list":["post-514364","post","type-post","status-publish","format-standard","has-post-thumbnail","category-musica","tag-entertainment","tag-intrattenimento","tag-it","tag-italia","tag-italy","tag-music","tag-musica","tag-raf","tag-singolo"],"share_on_mastodon":{"url":"https:\/\/pubeurope.com\/@it\/116659457899149236","error":""},"_links":{"self":[{"href":"https:\/\/www.europesays.com\/it\/wp-json\/wp\/v2\/posts\/514364","targetHints":{"allow":["GET"]}}],"collection":[{"href":"https:\/\/www.europesays.com\/it\/wp-json\/wp\/v2\/posts"}],"about":[{"href":"https:\/\/www.europesays.com\/it\/wp-json\/wp\/v2\/types\/post"}],"author":[{"embeddable":true,"href":"https:\/\/www.europesays.com\/it\/wp-json\/wp\/v2\/users\/3"}],"replies":[{"embeddable":true,"href":"https:\/\/www.europesays.com\/it\/wp-json\/wp\/v2\/comments?post=514364"}],"version-history":[{"count":0,"href":"https:\/\/www.europesays.com\/it\/wp-json\/wp\/v2\/posts\/514364\/revisions"}],"wp:featuredmedia":[{"embeddable":true,"href":"https:\/\/www.europesays.com\/it\/wp-json\/wp\/v2\/media\/514365"}],"wp:attachment":[{"href":"https:\/\/www.europesays.com\/it\/wp-json\/wp\/v2\/media?parent=514364"}],"wp:term":[{"taxonomy":"category","embeddable":true,"href":"https:\/\/www.europesays.com\/it\/wp-json\/wp\/v2\/categories?post=514364"},{"taxonomy":"post_tag","embeddable":true,"href":"https:\/\/www.europesays.com\/it\/wp-json\/wp\/v2\/tags?post=514364"}],"curies":[{"name":"wp","href":"https:\/\/api.w.org\/{rel}","templated":true}]}}