{"id":514423,"date":"2026-05-29T20:01:23","date_gmt":"2026-05-29T20:01:23","guid":{"rendered":"https:\/\/www.europesays.com\/it\/514423\/"},"modified":"2026-05-29T20:01:23","modified_gmt":"2026-05-29T20:01:23","slug":"inter-oaktree-cambia-strategia-sul-mercato-ok-ad-un-colpo-grosso-da-50-milioni","status":"publish","type":"post","link":"https:\/\/www.europesays.com\/it\/514423\/","title":{"rendered":"Inter, Oaktree cambia strategia sul mercato: ok ad un colpo grosso da 50 milioni"},"content":{"rendered":"<p>                                La propriet\u00e0 nerazzurra di recente ha seguito precise linee guida, limitando l&#8217;esborso per i cartellini dei giocatori acquistati ad un tetto di 25 milioni: l&#8217;ultimo investimento da pi\u00f9 di 40 era stato Hakimi nel 2020<\/p>\n<p class=\"paragraph\" spellcheck=\"true\">Alzi la mano chi si ricorda l&#8217;ultimo colpo di mercato dell&#8217;Inter pagato pi\u00f9 di 40 milioni di euro. Qualcuno? Nessuno? Beh, di tempo ne \u00e8 passato parecchio: era l&#8217;estate del 2020, sei anni fa, quando la dirigenza nerazzurra versava circa 43 milioni nelle casse del Real Madrid per il cartellino di Achraf Hakimi. Investimento corretto, considerando la stagione straordinaria del marocchino e la cessione al Psg per quasi 70 non pi\u00f9 tardi di un anno dopo. Nel frattempo, prima di rimettere in regola conti e bilanci, l&#8217;Inter ha attuato sul mercato una strategia pi\u00f9 conservativa limitando acquisti particolarmente onerosi, e dal suo insediamento al timone anche la propriet\u00e0 Oaktree si \u00e8 adeguata. Ultima conferma la sessione dello scorso calciomercato estivo, organizzato seguendo linee guida particolarmente precise: giovani, possibilmente under 23 eccezion fatta per Akanji, per un massimo di 20-25 milioni di esborso per i cartellini. Diouf, Luis Henrique, Sucic: tutti gli acquisti hanno seguito la stessa direzione. Adesso, per\u00f2, qualcosa \u00e8 cambiato.<\/p>\n<p>        si pu\u00f2 fare\u2014 \u00a0<\/p>\n<p class=\"paragraph\" spellcheck=\"true\">L&#8217;obiettivo numero uno sul mercato per l&#8217;Inter \u00e8 ormai conclamato: Marco Palestra, pi\u00f9 di chiunque altro. L&#8217;Atalanta non far\u00e0 sconti, ma per una cifra tra i 40 e i 50 milioni potrebbe vacillare fino a cedere. Solo una volta, in tutta la sua storia, l&#8217;Inter ha sforato quota 50 per un acquisto in entrata. Nel 2019, quando vennero accontentate le richieste di Antonio Conte e Romelu Lukaku sbarc\u00f2 per la prima volta a Milano. Oggi lo scenario resta completamente diverso, e il budget stanziato da Oaktree si limiterebbe ad un solo colpo grosso a non pi\u00f9 di 50, ma comunque un acquisto ad effetto che possa alimentare ulteriormente la fiamma dell&#8217;entusiasmo interista e quello di Chivu, che si sfregherebbe le mani all&#8217;idea di ritrovarsi in rosa l&#8217;esterno rivelazione del campionato. Un passo diverso rispetto alle storie di mercato recenti tra sorprese, delusioni e speranze sempre nel fattore 20-25. La spesa resterebbe la stessa, tra Diouf e Luis Henrique a 25 l&#8217;uno e Palestra a 50. Il rendimento pure?\u00a0<\/p>\n","protected":false},"excerpt":{"rendered":"La propriet\u00e0 nerazzurra di recente ha seguito precise linee guida, limitando l&#8217;esborso per i cartellini dei giocatori acquistati&hellip;\n","protected":false},"author":3,"featured_media":514424,"comment_status":"","ping_status":"","sticky":false,"template":"","format":"standard","meta":{"footnotes":"","_share_on_mastodon":"0"},"categories":[1452],"tags":[5881,2842,721,7201,5371,9419,147989,147990,5225,33858,284513,1740,3453,24701,12831,350,16265,1537,90,89,284514,18327,20828,21518,21519,1412,1739,245,244],"class_list":["post-514423","post","type-post","status-publish","format-standard","has-post-thumbnail","category-calcio","tag-acquisti","tag-acquisto","tag-calcio","tag-cartellini","tag-colpo","tag-diouf","tag-diouf-luis","tag-diouf-luis-henrique","tag-diverso","tag-esborso","tag-esborso-cartellini","tag-football","tag-guida","tag-hakimi","tag-henrique","tag-inter","tag-investimento","tag-it","tag-italia","tag-italy","tag-limitando","tag-linee","tag-linee-guida","tag-luis","tag-luis-henrique","tag-mercato","tag-soccer","tag-sport","tag-sports"],"share_on_mastodon":{"url":"https:\/\/pubeurope.com\/@it\/116659649687285398","error":""},"_links":{"self":[{"href":"https:\/\/www.europesays.com\/it\/wp-json\/wp\/v2\/posts\/514423","targetHints":{"allow":["GET"]}}],"collection":[{"href":"https:\/\/www.europesays.com\/it\/wp-json\/wp\/v2\/posts"}],"about":[{"href":"https:\/\/www.europesays.com\/it\/wp-json\/wp\/v2\/types\/post"}],"author":[{"embeddable":true,"href":"https:\/\/www.europesays.com\/it\/wp-json\/wp\/v2\/users\/3"}],"replies":[{"embeddable":true,"href":"https:\/\/www.europesays.com\/it\/wp-json\/wp\/v2\/comments?post=514423"}],"version-history":[{"count":0,"href":"https:\/\/www.europesays.com\/it\/wp-json\/wp\/v2\/posts\/514423\/revisions"}],"wp:featuredmedia":[{"embeddable":true,"href":"https:\/\/www.europesays.com\/it\/wp-json\/wp\/v2\/media\/514424"}],"wp:attachment":[{"href":"https:\/\/www.europesays.com\/it\/wp-json\/wp\/v2\/media?parent=514423"}],"wp:term":[{"taxonomy":"category","embeddable":true,"href":"https:\/\/www.europesays.com\/it\/wp-json\/wp\/v2\/categories?post=514423"},{"taxonomy":"post_tag","embeddable":true,"href":"https:\/\/www.europesays.com\/it\/wp-json\/wp\/v2\/tags?post=514423"}],"curies":[{"name":"wp","href":"https:\/\/api.w.org\/{rel}","templated":true}]}}