{"id":514538,"date":"2026-05-29T21:45:10","date_gmt":"2026-05-29T21:45:10","guid":{"rendered":"https:\/\/www.europesays.com\/it\/514538\/"},"modified":"2026-05-29T21:45:10","modified_gmt":"2026-05-29T21:45:10","slug":"roland-garros-il-programma-di-sabato-tabellone-e-azzurri-in-campo","status":"publish","type":"post","link":"https:\/\/www.europesays.com\/it\/514538\/","title":{"rendered":"Roland Garros, il programma di sabato: tabellone e azzurri in campo"},"content":{"rendered":"<p>                                A Parigi grande attesa per il francese Kouame, classe 2009, che giocher\u00e0 contro Tabilo.\u00a0Verso le 13 la sfida tra la russa Shnaider e l\u2019ucraina Oliynykova che va oltre il tennis<\/p>\n<p>\n                                                                    Pellegrino Dell&#8217;Anno\n                            <\/p>\n<p>                    29 maggio &#8211; 22:17  &#8211; MILANO<\/p>\n<p class=\"paragraph\" spellcheck=\"true\">Sabato italiano, anche senza Jannik Sinner, al Roland Garros. Saranno tre gli azzurri impegnati nel tabellone di singolare, ognuno con le sue buone chance. Il primo a scendere in campo sar\u00e0 colui che vanta la classifica pi\u00f9 alta, il n.10 del tabellone Flavio Cobolli. Il romano affronter\u00e0 sul Philippe Chatrier, alle 12, il n.18 del seeding Learner Tien. Sar\u00e0 il secondo incrocio tra i due giocatori, dopo che l\u2019americano aveva vinto nettamente il precedente, lo scorso ottobre sul cemento di Pechino. Ma sulla terra parigina le cose potrebbero essere diverse, come ha specificato anche Flavio: \u201cLa terra \u00e8 la mia superficie, dovr\u00f2 sfruttare questo fattore contro di lui\u201d. Cercando di dare ulteriore fiducia anche agli altri due italiani in gara.<\/p>\n<p>        azzurri\u2014 \u00a0<\/p>\n<p class=\"paragraph\" spellcheck=\"true\">Matteo Berrettini, in ripresa dopo due primi turni eccellenti, affronter\u00e0 sul Simonne Mathieu Francisco Comesana, giustiziere di Darderi al secondo turno. Il loro sar\u00e0 il secondo match di giornata dalle 11, dopo Sakkari-Chwalinska. Scenderanno in campo non prima delle 13, in quello che \u00e8 il primo incontro che giocheranno contro. In palio un ottavo contro Landaluce o Juan Manuel Cerundolo, impegnati come terzo match sul Campo 7. Il Campo 14 sar\u00e0 invece il teatro della sfida tra Matteo Arnaldi e Raphael Collignon. Si tratta della terza presenza ad un terzo turno Slam per l\u2019azzurro, prima per il belga. Giocheranno il terzo incontro dalle 11, dopo Francisco Cerundolo-Svajda e Kalinskaya-Osorio. Scenderanno quindi in campo alle 15.30 circa. Anche tra loro due non ci sono precedenti.<\/p>\n<p>        big\u2014 \u00a0<\/p>\n<p class=\"paragraph\" spellcheck=\"true\">L\u2019attrazione principale della giornata sar\u00e0 per\u00f2 sul Suzanne Lenglen: il match di Moise Kouame. Il classe 2009, speranza francese, affronter\u00e0 Alejandro Tabilo intorno alle 15, come terzo match dalle 11, dopo l\u2019intrigante Jovic-Osaka e la n.1 del mondo Aryna Sabalenka, opposta a Daria Kasatkina. Chiuder\u00e0 il programma del campo Tiafoe-Faria: il vincitore sarebbe l\u2019avversario di Arnaldi in un eventuale terzo turno. Sabalenka giocher\u00e0 sul Lenglen \u201ca causa\u201d di una padrona di casa. Sar\u00e0 infatti Diane Parry, ultima francese rimasta in tabellone, a rubare la scena sul Philippe Chatrier, come secondo match, contro la testa di serie n.6 Amanda Anisimova. Intorno alle 14. Non prima delle 16 toccher\u00e0 poi alla campionessa in carica Coco Gauff, opposta alla n.28 del tabellone Anastasia Potapova. In sessione serale, non prima delle 20.15 la quarta forza del torneo Felix Auger-Aliassime, che ha la classifica pi\u00f9 alta tra i giocatori della parte alta del tabellone, sfider\u00e0 Brandon Nakashima. E da segnalare infine il secondo match sul Campo 7, anche per questioni che vanno oltre il tennis, tra Diana Shnaider e Oleksandra Oliynykova, alle 13 circa.<\/p>\n<p class=\"is-copyright\">\u00a9 RIPRODUZIONE RISERVATA<\/p>\n","protected":false},"excerpt":{"rendered":"A Parigi grande attesa per il francese Kouame, classe 2009, che giocher\u00e0 contro Tabilo.\u00a0Verso le 13 la sfida&hellip;\n","protected":false},"author":3,"featured_media":514539,"comment_status":"","ping_status":"","sticky":false,"template":"","format":"standard","meta":{"footnotes":"","_share_on_mastodon":"0"},"categories":[1457],"tags":[7918,7554,267962,7916,4700,7920,3049,921,48558,251033,3155,1932,284548,20222,18672,3368,31807,3650,3412,2250,56944,5183,8140,399,1537,90,89,177316,1894,245,244,8934,1273,4960,19627],"class_list":["post-514538","post","type-post","status-publish","format-standard","has-post-thumbnail","category-tennis","tag-affrontera","tag-alta","tag-alta-tabellone","tag-arnaldi","tag-azzurri","tag-azzurro","tag-berrettini","tag-campo","tag-cerundolo","tag-chatrier","tag-classe","tag-classifica","tag-classifica-alta","tag-cobolli","tag-flavio","tag-francese","tag-francisco","tag-garros","tag-giocatori","tag-giochera","tag-giocheranno","tag-giornata","tag-impegnati","tag-incontro","tag-it","tag-italia","tag-italy","tag-kouame","tag-match","tag-sport","tag-sports","tag-tabellone","tag-tennis","tag-terzo","tag-turno"],"share_on_mastodon":{"url":"https:\/\/pubeurope.com\/@it\/116660058619282439","error":""},"_links":{"self":[{"href":"https:\/\/www.europesays.com\/it\/wp-json\/wp\/v2\/posts\/514538","targetHints":{"allow":["GET"]}}],"collection":[{"href":"https:\/\/www.europesays.com\/it\/wp-json\/wp\/v2\/posts"}],"about":[{"href":"https:\/\/www.europesays.com\/it\/wp-json\/wp\/v2\/types\/post"}],"author":[{"embeddable":true,"href":"https:\/\/www.europesays.com\/it\/wp-json\/wp\/v2\/users\/3"}],"replies":[{"embeddable":true,"href":"https:\/\/www.europesays.com\/it\/wp-json\/wp\/v2\/comments?post=514538"}],"version-history":[{"count":0,"href":"https:\/\/www.europesays.com\/it\/wp-json\/wp\/v2\/posts\/514538\/revisions"}],"wp:featuredmedia":[{"embeddable":true,"href":"https:\/\/www.europesays.com\/it\/wp-json\/wp\/v2\/media\/514539"}],"wp:attachment":[{"href":"https:\/\/www.europesays.com\/it\/wp-json\/wp\/v2\/media?parent=514538"}],"wp:term":[{"taxonomy":"category","embeddable":true,"href":"https:\/\/www.europesays.com\/it\/wp-json\/wp\/v2\/categories?post=514538"},{"taxonomy":"post_tag","embeddable":true,"href":"https:\/\/www.europesays.com\/it\/wp-json\/wp\/v2\/tags?post=514538"}],"curies":[{"name":"wp","href":"https:\/\/api.w.org\/{rel}","templated":true}]}}