{"id":514542,"date":"2026-05-29T21:49:13","date_gmt":"2026-05-29T21:49:13","guid":{"rendered":"https:\/\/www.europesays.com\/it\/514542\/"},"modified":"2026-05-29T21:49:13","modified_gmt":"2026-05-29T21:49:13","slug":"basket-milano-batte-brescia-in-gara-1-di-semifinale-scudetto","status":"publish","type":"post","link":"https:\/\/www.europesays.com\/it\/514542\/","title":{"rendered":"Basket, Milano batte Brescia in gara-1 di semifinale scudetto"},"content":{"rendered":"<p>                                EA7 in rimonta trascinata da Brooks in attacco e dalla difesa di Ellis-Nebo. Domenica gara 2<\/p>\n<p class=\"paragraph\" spellcheck=\"true\">Germani Brescia in gabbia al PalaLeonessa. L\u2019EA7 Milano usa la frusta gi\u00e0 nel secondo quarto, recupera un passivo di 10 punti, chiude avanti sulla sirena all\u2019intervallo e poi mette il turbo nella ripresa trascinata da Brooks in attacco e la coppia Ellis-Nebo in difesa, in grado di annullare l\u2019asse portante dei padroni di casa Della Valle-Bilan.   Cos\u00ec l\u2019Olimpia vince <a href=\"https:\/\/www.gazzetta.it\/Basket\/28-05-2026\/meo-sacchetti-si-ritira-le-sue-parole-e-la-carriera.shtml?intcmp=hyperlink-articolo-gazit\" title=\"L&#039;annuncio di Meo Sacchetti: &quot;Smetto di allenare, grazie a tutti. Mi ritiro nella mia Alghero&quot;\" target=\"_blank\" rel=\"nofollow noopener\">gara 1 della prima semifinale Lba <\/a>con grande autorevolezza: 88-72 il punteggio finale.\u00a0<\/p>\n<p>        brescia stanca\u2014 \u00a0<\/p>\n<p class=\"paragraph\" spellcheck=\"true\">Milano pi\u00f9 fresca dopo il 3-0 su Reggio ai quarti di finale, Brescia \u00e8 apparsa pi\u00f9 stanca reduce dal 3-2 sofferto contro Trieste. Il primo quarto della Germani \u00e8 buono (6 palle perse per Milano e parziale 24-16), in seguito per i restanti 30&#8242; in campo si \u00e8 vista solo e soltanto l&#8217;Ea7. Bolmaro la prende per mano nel recupero del passivo con una prestazione a tutto campo (8\/13 al tiro, 7 rimbalzi e 22 di valutazione). Il primo tempo si chiude con gli ospiti avanti 42-39, parziale firmato da una tripla allo scadere di Brooks. Milano scappa nella ripresa, break 10-0 e 6 palle perse forzate agli avversari, la cui reazione sta tutta in Della Valle (7\/11 al tiro e 4\/6 da tre), che per\u00f2 \u00e8 solo, a fronte della partita abulica di Burnell (3\/8 al tiro), Ndour (2 punti e 1\/5 dal campo) e Bilan (4 palle perse). Milano tocca il +16 nel terzo quarto con Ricci (3\/4 dall\u2019arco), massimo vantaggio che diventa +26 a 3\u2019 dalla fine. Dura lezione di coach Poeta a coach Cotelli, suo secondo un anno fa proprio a Brescia.\u00a0<\/p>\n<p class=\"paragraph\" spellcheck=\"true\"><b>Milano:<\/b> Bolmaro 20, Brooks 16, Ricci, Shields e Nebo 11.\u00a0<\/p>\n<p class=\"paragraph\" spellcheck=\"true\"><b>Brescia:<\/b> Della Valle 24, Bilan e Burnell 10.<\/p>\n","protected":false},"excerpt":{"rendered":"EA7 in rimonta trascinata da Brooks in attacco e dalla difesa di Ellis-Nebo. Domenica gara 2 Germani Brescia&hellip;\n","protected":false},"author":3,"featured_media":514543,"comment_status":"","ping_status":"","sticky":false,"template":"","format":"standard","meta":{"footnotes":"","_share_on_mastodon":"0"},"categories":[1453],"tags":[765,1756,1757,112182,126565,6073,50606,284549,15924,921,3220,1275,767,91830,1537,90,89,28,153130,14829,16322,29080,3673,245,244,3209,2746],"class_list":["post-514542","post","type-post","status-publish","format-standard","has-post-thumbnail","category-basket","tag-attacco","tag-basket","tag-basketball","tag-bilan","tag-bolmaro","tag-brescia","tag-brooks","tag-brooks-attacco","tag-burnell","tag-campo","tag-chiude","tag-coach","tag-difesa","tag-ellis","tag-it","tag-italia","tag-italy","tag-milano","tag-nebo","tag-palle","tag-palle-perse","tag-perse","tag-quarto","tag-sport","tag-sports","tag-tiro","tag-valle"],"share_on_mastodon":{"url":"https:\/\/pubeurope.com\/@it\/116660074622494159","error":""},"_links":{"self":[{"href":"https:\/\/www.europesays.com\/it\/wp-json\/wp\/v2\/posts\/514542","targetHints":{"allow":["GET"]}}],"collection":[{"href":"https:\/\/www.europesays.com\/it\/wp-json\/wp\/v2\/posts"}],"about":[{"href":"https:\/\/www.europesays.com\/it\/wp-json\/wp\/v2\/types\/post"}],"author":[{"embeddable":true,"href":"https:\/\/www.europesays.com\/it\/wp-json\/wp\/v2\/users\/3"}],"replies":[{"embeddable":true,"href":"https:\/\/www.europesays.com\/it\/wp-json\/wp\/v2\/comments?post=514542"}],"version-history":[{"count":0,"href":"https:\/\/www.europesays.com\/it\/wp-json\/wp\/v2\/posts\/514542\/revisions"}],"wp:featuredmedia":[{"embeddable":true,"href":"https:\/\/www.europesays.com\/it\/wp-json\/wp\/v2\/media\/514543"}],"wp:attachment":[{"href":"https:\/\/www.europesays.com\/it\/wp-json\/wp\/v2\/media?parent=514542"}],"wp:term":[{"taxonomy":"category","embeddable":true,"href":"https:\/\/www.europesays.com\/it\/wp-json\/wp\/v2\/categories?post=514542"},{"taxonomy":"post_tag","embeddable":true,"href":"https:\/\/www.europesays.com\/it\/wp-json\/wp\/v2\/tags?post=514542"}],"curies":[{"name":"wp","href":"https:\/\/api.w.org\/{rel}","templated":true}]}}