{"id":514582,"date":"2026-05-29T22:19:15","date_gmt":"2026-05-29T22:19:15","guid":{"rendered":"https:\/\/www.europesays.com\/it\/514582\/"},"modified":"2026-05-29T22:19:15","modified_gmt":"2026-05-29T22:19:15","slug":"scultura-contemporanea-in-basilica-a-lecco-per-i-30-anni-di-acmt","status":"publish","type":"post","link":"https:\/\/www.europesays.com\/it\/514582\/","title":{"rendered":"Scultura contemporanea in Basilica a Lecco per i 30 anni di Acmt"},"content":{"rendered":"<p>                <a href=\"https:\/\/www.laprovinciaunicatv.it\/publisher\/cultura-e-spettacoli\/section\/\" class=\"lecco-color-text\" alt=\"Cultura e Spettacoli\" rel=\"nofollow noopener\" target=\"_blank\">Cultura e Spettacoli<\/a><\/p>\n<p>                    \/<\/p>\n<p>                        <a href=\"https:\/\/www.laprovinciaunicatv.it\/publisher\/lecco-citta\/section\/\" alt=\"Lecco citt\u00e0\" rel=\"nofollow noopener\" target=\"_blank\">Lecco citt\u00e0<\/a><\/p>\n<p>                        Venerd\u00ec 29 Maggio 2026<\/p>\n<p class=\"mb-0\">\n            Domenica 31 maggio, al termine della Messa delle 10, si inaugura nella Cappella di San Carlo una nuova opera di Nicola Villa. L\u2019installazione si inserisce nella \u201cmostra diffusa\u201d curata da Michele Tavola per i trent\u2019anni di Acmt odv.\n        <\/p>\n<p>        Lettura 1 min.<\/p>\n<p>Scultura contemporanea che entra in chiesa e dialoga con la fede. Succede a Lecco, nella Basilica di San Nicol\u00f2, dove domenica 31 maggio, al termine della Messa delle 10, verr\u00e0 inaugurata nella Cappella di San Carlo una nuova opera di Nicola Villa. Un appuntamento aperto a tutti: la stampa e la cittadinanza sono invitate.<\/p>\n<p>L\u2019intervento si inserisce nel percorso della grande \u201cmostra diffusa\u201d pensata per i 30 anni di Acmt Odv, l\u2019associazione lecchese che da tre decenni si occupa della cura dei malati in trattamento palliativo. La regia \u00e8 quella del curatore Michele Tavola. Fondamentale la collaborazione con la Comunit\u00e0 Pastorale di Lecco Centro e con il prevosto monsignor Bortolo Uberti. Per Villa \u00e8 la seconda installazione legata al progetto, dopo quella gi\u00e0 accolta all\u2019Hospice Resegone dell\u2019ospedale Manzoni.<\/p>\n<p>La mostra \u201cNicola Villa \u2013 Traiettorie di Attimi \u2013 30 anni di Acmt Odv\u201d, realizzata con il Comune di Lecco e il Simul, attraversa la citt\u00e0 e i suoi luoghi simbolo: Palazzo delle Paure, l\u2019Hospice Resegone, i Musei di Palazzo Belgiojoso, la Torre Viscontea, fino a piazza XX Settembre. L\u2019inaugurazione ufficiale \u00e8 fissata per venerd\u00ec 26 giugno alle 18 nella sala conferenze di Palazzo delle Paure.<\/p>\n<p>Da oltre vent\u2019anni Nicola Villa lavora sul tema del sacro, cercando forme capaci di parlare al presente. Nella Cappella di San Carlo l\u2019artista ha costruito un\u2019installazione che si innesta nello spazio e nei suoi significati religiosi. Frammenti di crocifissi dolenti e teste di San Giovanni Battista decollato, realizzati con materiali e tecniche diverse, si moltiplicano e invadono i volumi della cappella, richiamando modelli scultorei antichi. La luce non \u00e8 solo cornice, ma parte integrante dell\u2019opera.<\/p>\n<p>I lembi dei corpi martoriati di Cristo e del Battista evocano alcune delle pagine pi\u00f9 drammatiche dei Vangeli. \u00c8 una sacra rappresentazione che parla di passione e morte, ma anche di resurrezione. Tra quelle membra, infatti, spunta una pianta: segno di vita che rinasce. Un messaggio di speranza che, da Lecco, unisce arte contemporanea, fede e cura.<\/p>\n<p class=\"articolo-riservato\">\n                            \u00a9 RIPRODUZIONE RISERVATA\n                        <\/p>\n","protected":false},"excerpt":{"rendered":"Cultura e Spettacoli \/ Lecco citt\u00e0 Venerd\u00ec 29 Maggio 2026 Domenica 31 maggio, al termine della Messa delle&hellip;\n","protected":false},"author":3,"featured_media":514583,"comment_status":"","ping_status":"","sticky":false,"template":"","format":"standard","meta":{"footnotes":"","_share_on_mastodon":"0"},"categories":[1446],"tags":[284576,1615,1613,1614,1611,1610,284577,1644,2664,1612,203,40544,20537,204,1537,90,89,284578,6224,40543,240,18422,610],"class_list":["post-514582","post","type-post","status-publish","format-standard","has-post-thumbnail","category-arte-e-design","tag-acmt-odv","tag-arte","tag-arte-e-design","tag-arteedesign","tag-arts","tag-arts-and-design","tag-bortolo-uberti","tag-cultura","tag-cura","tag-design","tag-entertainment","tag-fedi","tag-gesu","tag-intrattenimento","tag-it","tag-italia","tag-italy","tag-michele-tavola","tag-paziente","tag-religioni","tag-salute","tag-san-giovanni-battista","tag-terapia"],"share_on_mastodon":{"url":"https:\/\/pubeurope.com\/@it\/116660192353306865","error":""},"_links":{"self":[{"href":"https:\/\/www.europesays.com\/it\/wp-json\/wp\/v2\/posts\/514582","targetHints":{"allow":["GET"]}}],"collection":[{"href":"https:\/\/www.europesays.com\/it\/wp-json\/wp\/v2\/posts"}],"about":[{"href":"https:\/\/www.europesays.com\/it\/wp-json\/wp\/v2\/types\/post"}],"author":[{"embeddable":true,"href":"https:\/\/www.europesays.com\/it\/wp-json\/wp\/v2\/users\/3"}],"replies":[{"embeddable":true,"href":"https:\/\/www.europesays.com\/it\/wp-json\/wp\/v2\/comments?post=514582"}],"version-history":[{"count":0,"href":"https:\/\/www.europesays.com\/it\/wp-json\/wp\/v2\/posts\/514582\/revisions"}],"wp:featuredmedia":[{"embeddable":true,"href":"https:\/\/www.europesays.com\/it\/wp-json\/wp\/v2\/media\/514583"}],"wp:attachment":[{"href":"https:\/\/www.europesays.com\/it\/wp-json\/wp\/v2\/media?parent=514582"}],"wp:term":[{"taxonomy":"category","embeddable":true,"href":"https:\/\/www.europesays.com\/it\/wp-json\/wp\/v2\/categories?post=514582"},{"taxonomy":"post_tag","embeddable":true,"href":"https:\/\/www.europesays.com\/it\/wp-json\/wp\/v2\/tags?post=514582"}],"curies":[{"name":"wp","href":"https:\/\/api.w.org\/{rel}","templated":true}]}}