{"id":514896,"date":"2026-05-30T03:18:24","date_gmt":"2026-05-30T03:18:24","guid":{"rendered":"https:\/\/www.europesays.com\/it\/514896\/"},"modified":"2026-05-30T03:18:24","modified_gmt":"2026-05-30T03:18:24","slug":"lerede-la-nuova-serie-turca-di-canale-5-trama-e-anticipazioni-29-maggio","status":"publish","type":"post","link":"https:\/\/www.europesays.com\/it\/514896\/","title":{"rendered":"L&#8217;erede, la nuova serie turca di Canale 5, trama e anticipazioni 29 maggio"},"content":{"rendered":"<p class=\"paragraph\" spellcheck=\"true\">Amori, intrighi, passioni ma anche identit\u00e0 e tradizioni sono gli ingredienti de <b>L&#8217;Erede<\/b> la nuova serie tv made in Turchia, in partenza venerd\u00ec 29 maggio su Canale 5, disponibile in streaming su Mediaset Infinity.\u00a0<\/p>\n<p class=\"paragraph\" spellcheck=\"true\">Contrariamente ad altri titoli arrivati in questi anni in Italia, la serie \u00e8 ancora in onda, iniziata la scorso settembre con il titolo di Halef. Le puntate della prima stagione dovrebbero essere 35 da 130 minuti (trasformate nel formato da 45 minuti per l&#8217;Italia) e un altro ciclo di episodi \u00e8 gi\u00e0 previsto, quindi la serie far\u00e0 compagnia a lungo al pubblico. Sicuramente sar\u00e0 in prima serata il venerd\u00ec sera per tutta l&#8217;estate di Canale 5, al momento non \u00e8 previsto un suo passaggio nel pomeriggio.<\/p>\n<p class=\"paragraph\" spellcheck=\"true\">I personaggi principali sono interpretati da volti noti della serialit\u00e0 turca come\u00a0<b>\u0130lhan \u015een<\/b> che arriva da Love, Reason, Get Even,\u00a0<b>Ayb\u00fcke Pusat (<\/b>Everywhere I Go) e\u00a0Biran Damla Y\u0131lmaz di Forbidden Fruit. Nel cast ci sono anche\u00a0Mert Do\u011fan, visto in Io Sono Farah, e Ilayda Cevik, gi\u00e0 nota per i suoi ruoli in Terra Amara e Tradimento.<\/p>\n<p class=\"paragraph\" spellcheck=\"true\"><b>L&#8217;Erede<\/b> \u00e8 ambientata a Urga una citt\u00e0 nel sud-est della Turchia dove convivono turchi, turkmeni, arabi e curdi, una zona che corrisponde alla Mesopotamia settentrionale.<\/p>\n","protected":false},"excerpt":{"rendered":"Amori, intrighi, passioni ma anche identit\u00e0 e tradizioni sono gli ingredienti de L&#8217;Erede la nuova serie tv made&hellip;\n","protected":false},"author":3,"featured_media":514897,"comment_status":"","ping_status":"","sticky":false,"template":"","format":"standard","meta":{"footnotes":"","_share_on_mastodon":"0"},"categories":[1444],"tags":[15059,1518,2773,19299,277,284683,6721,95054,284684,1731,203,17522,204,1537,90,89,27331,273,284682,253,10571],"class_list":["post-514896","post","type-post","status-publish","format-standard","has-post-thumbnail","category-tv","tag-ama","tag-anticipazioni","tag-canale","tag-chirurgo","tag-de","tag-de-erede","tag-disponibile","tag-disponibile-streaming","tag-disponibile-streaming-mediaset","tag-donna","tag-entertainment","tag-erede","tag-intrattenimento","tag-it","tag-italia","tag-italy","tag-melek","tag-nuova","tag-serhat","tag-tv","tag-yildiz"],"share_on_mastodon":{"url":"https:\/\/pubeurope.com\/@it\/116661368042536000","error":""},"_links":{"self":[{"href":"https:\/\/www.europesays.com\/it\/wp-json\/wp\/v2\/posts\/514896","targetHints":{"allow":["GET"]}}],"collection":[{"href":"https:\/\/www.europesays.com\/it\/wp-json\/wp\/v2\/posts"}],"about":[{"href":"https:\/\/www.europesays.com\/it\/wp-json\/wp\/v2\/types\/post"}],"author":[{"embeddable":true,"href":"https:\/\/www.europesays.com\/it\/wp-json\/wp\/v2\/users\/3"}],"replies":[{"embeddable":true,"href":"https:\/\/www.europesays.com\/it\/wp-json\/wp\/v2\/comments?post=514896"}],"version-history":[{"count":0,"href":"https:\/\/www.europesays.com\/it\/wp-json\/wp\/v2\/posts\/514896\/revisions"}],"wp:featuredmedia":[{"embeddable":true,"href":"https:\/\/www.europesays.com\/it\/wp-json\/wp\/v2\/media\/514897"}],"wp:attachment":[{"href":"https:\/\/www.europesays.com\/it\/wp-json\/wp\/v2\/media?parent=514896"}],"wp:term":[{"taxonomy":"category","embeddable":true,"href":"https:\/\/www.europesays.com\/it\/wp-json\/wp\/v2\/categories?post=514896"},{"taxonomy":"post_tag","embeddable":true,"href":"https:\/\/www.europesays.com\/it\/wp-json\/wp\/v2\/tags?post=514896"}],"curies":[{"name":"wp","href":"https:\/\/api.w.org\/{rel}","templated":true}]}}