{"id":515044,"date":"2026-05-30T06:10:20","date_gmt":"2026-05-30T06:10:20","guid":{"rendered":"https:\/\/www.europesays.com\/it\/515044\/"},"modified":"2026-05-30T06:10:20","modified_gmt":"2026-05-30T06:10:20","slug":"assalto-al-brennero-prima-della-chiusura-code-chilometriche-in-autostrada","status":"publish","type":"post","link":"https:\/\/www.europesays.com\/it\/515044\/","title":{"rendered":"Assalto al Brennero prima della chiusura, code chilometriche in autostrada"},"content":{"rendered":"<p>Il valico del <strong>Brennero<\/strong>, da sempre arteria pulsante del commercio e del turismo tra l\u2019Italia e la Mitteleuropa, si sta trasformando in queste ore nel teatro di una congestione senza precedenti. La causa scatenante \u00e8 una <strong>manifestazione ambientalista<\/strong> programmata in territorio austriaco per la giornata di domani, un evento che ha innescato un effetto domino capace di mandare in tilt l\u2019intera rete autostradale di confine.<\/p>\n<p>Quello che si profila all\u2019orizzonte non \u00e8 un semplice rallentamento, ma un vero e proprio <strong>blocco totale<\/strong> che ha spinto migliaia di viaggiatori a una fuga anticipata verso sud, nel tentativo disperato di battere sul tempo le chiusure annunciate.\n<\/p>\n<p>Il caos oltre il confine<\/p>\n<p>La pressione sulle infrastrutture \u00e8 esplosa con particolare violenza sul versante tirolese. Sin dalle prime luci del mattino di oggi, venerd\u00ec 29 maggio, il casello autostradale dell\u2019A12 di Sch\u00f6nberg \u00e8 diventato il simbolo dell\u2019emergenza. Qui, le autorit\u00e0 segnalano <a href=\"https:\/\/www.virgilio.it\/motori\/info-utili\/il-traffico-sulle-autostrade-oggi\/294854\/\" rel=\"nofollow noopener\" target=\"_blank\">code<\/a> che hanno rapidamente superato i <strong>14 chilometri di lunghezza<\/strong>.<\/p>\n<p>In questo lungo serpentone di lamiere si mescolano due anime distinte della strada: da una parte i <strong>turisti<\/strong>, desiderosi di raggiungere le localit\u00e0 di villeggiatura italiane, e dall\u2019altra i <strong>trasportatori<\/strong>, costretti a una corsa contro il tempo per consegnare le merci prima che i cancelli del valico si chiudano definitivamente. L\u2019obiettivo per tutti \u00e8 lo stesso: evitare la \u201cmaxi-deviazione\u201d che domani costringerebbe chiunque a circumnavigare le Alpi passando per Salisburgo e Tarvisio, allungando il viaggio di centinaia di chilometri.<\/p>\n<p>Sabato di chiusura<\/p>\n<p>Se oggi il traffico \u00e8 \u201cintenso ma sotto controllo\u201d sul versante italiano, la giornata di <a href=\"https:\/\/www.virgilio.it\/motori\/notizie\/chiusura-autostrada-brennero-30-maggio-2026-traffico\/331590\/\" rel=\"nofollow noopener\" target=\"_blank\">domani<\/a> si annuncia come un deserto d\u2019asfalto per alcuni e un labirinto per altri. Il piano operativo predisposto per la provincia di Bolzano sull\u2019<strong>A22<\/strong> non lascia spazio a interpretazioni.<\/p>\n<p>A partire dalle ore <strong>07:00 di domattina<\/strong>, e fino alle 20:00 circa, la carreggiata nord sar\u00e0 <strong>interdetta<\/strong> a tutti i <strong>mezzi pesanti<\/strong> con massa superiore alle 7,5 tonnellate. Esiste una ristretta lista di eccezioni per garantire i servizi minimi: potranno transitare solo i mezzi che trasportano merci deperibili, animali vivi o carburanti, oltre ai veicoli di emergenza e quelli diretti ai sistemi di trasporto combinato strada-ferrovia (Rola).<\/p>\n<p>La vera stretta avverr\u00e0 per\u00f2 alle 10:30, quando la chiusura diventer\u00e0 democratica e spietata: da quel momento, tutti i veicoli \u2014 comprese le auto private \u2014 avranno il divieto di proseguire verso nord oltre il casello di Vipiteno.<\/p>\n<p>Logistica dell\u2019emergenza<\/p>\n<p>La gestione di migliaia di camion fermi richiede una logistica imponente. Le autorit\u00e0 hanno stabilito che i mezzi pesanti esclusi dal transito vengano deviati nel <strong>parcheggio Sadobre\/Campo di Trens<\/strong> fino al completo esaurimento dei posti disponibili. Una volta saturate le aree di sosta, non rester\u00e0 che una soluzione drastica: i mezzi verranno fatti ridiscendere in direzione sud, con l\u2019uscita obbligatoria che potrebbe essere anticipata ai caselli precedenti a seconda dell\u2019evolversi del traffico.<\/p>\n<p>L\u2019invito rivolto dall\u2019Autostrada del Brennero a tutti i viaggiatori \u00e8 di estrema prudenza e pianificazione. Il consiglio ufficiale \u00e8 quello di <strong>limitare al minimo indispensabile<\/strong> gli spostamenti verso nord partendo da Trento o, in alternativa, di rassegnarsi a una deviazione di ampio respiro attraverso il <strong>Passo del Tarvisio<\/strong>. In un fine settimana che prometteva relax e lavoro, il Brennero si riscopre vulnerabile, ricordando a tutti quanto sia sottile il filo che tiene unito il transito tra le nazioni.<\/p>\n","protected":false},"excerpt":{"rendered":"Il valico del Brennero, da sempre arteria pulsante del commercio e del turismo tra l\u2019Italia e la Mitteleuropa,&hellip;\n","protected":false},"author":3,"featured_media":515045,"comment_status":"","ping_status":"","sticky":false,"template":"","format":"standard","meta":{"footnotes":"","_share_on_mastodon":"0"},"categories":[6],"tags":[2765,4101,14,8,1537,90,89,7,15,82,9,83,10,13,11,80,84,12,81,85],"class_list":["post-515044","post","type-post","status-publish","format-standard","has-post-thumbnail","category-ultime-notizie","tag-auto","tag-autostrade","tag-cronaca","tag-headlines","tag-it","tag-italia","tag-italy","tag-news","tag-notizie","tag-notizie-di-cronaca","tag-notizie-principali","tag-notiziedicronaca","tag-notizieprincipali","tag-titoli","tag-ultime-notizie","tag-ultime-notizie-di-cronaca","tag-ultime-notizie-e-news-di-oggi","tag-ultimenotizie","tag-ultimenotiziedicronaca","tag-ultimenotizieenewsdioggi"],"share_on_mastodon":{"url":"https:\/\/pubeurope.com\/@it\/116662044375556141","error":""},"_links":{"self":[{"href":"https:\/\/www.europesays.com\/it\/wp-json\/wp\/v2\/posts\/515044","targetHints":{"allow":["GET"]}}],"collection":[{"href":"https:\/\/www.europesays.com\/it\/wp-json\/wp\/v2\/posts"}],"about":[{"href":"https:\/\/www.europesays.com\/it\/wp-json\/wp\/v2\/types\/post"}],"author":[{"embeddable":true,"href":"https:\/\/www.europesays.com\/it\/wp-json\/wp\/v2\/users\/3"}],"replies":[{"embeddable":true,"href":"https:\/\/www.europesays.com\/it\/wp-json\/wp\/v2\/comments?post=515044"}],"version-history":[{"count":0,"href":"https:\/\/www.europesays.com\/it\/wp-json\/wp\/v2\/posts\/515044\/revisions"}],"wp:featuredmedia":[{"embeddable":true,"href":"https:\/\/www.europesays.com\/it\/wp-json\/wp\/v2\/media\/515045"}],"wp:attachment":[{"href":"https:\/\/www.europesays.com\/it\/wp-json\/wp\/v2\/media?parent=515044"}],"wp:term":[{"taxonomy":"category","embeddable":true,"href":"https:\/\/www.europesays.com\/it\/wp-json\/wp\/v2\/categories?post=515044"},{"taxonomy":"post_tag","embeddable":true,"href":"https:\/\/www.europesays.com\/it\/wp-json\/wp\/v2\/tags?post=515044"}],"curies":[{"name":"wp","href":"https:\/\/api.w.org\/{rel}","templated":true}]}}