{"id":515156,"date":"2026-05-30T08:11:15","date_gmt":"2026-05-30T08:11:15","guid":{"rendered":"https:\/\/www.europesays.com\/it\/515156\/"},"modified":"2026-05-30T08:11:15","modified_gmt":"2026-05-30T08:11:15","slug":"juve-il-mercato-di-spalletti-brahim-kim-mateta-e","status":"publish","type":"post","link":"https:\/\/www.europesays.com\/it\/515156\/","title":{"rendered":"Juve, il mercato di Spalletti: Brahim, Kim, Mateta e&#8230;"},"content":{"rendered":"<p>                                L&#8217;ex Milan per la fantasia, in difesa i muscoli di Kim: sono le prime richieste di Luciano. E poi&#8230;<\/p>\n<p class=\"paragraph\" spellcheck=\"true\">Il calciomercato sa essere frenetico e non serve a nulla perdere tempo a rammaricarsi sugli obiettivi sfumati: il radar deve essere sempre attivo, l\u2019occhio attento, la mente lucida e le idee pronte per  essere passate al vaglio dalla dirigenza. Svanito Bernardo Silva, pronto a passare a parametro zero dal Manchester City all\u2019Atletico Madrid, e pericolosamente in stallo Alisson Becker, di fatto bloccato dal Liverpool, dopo il summit di ieri Luciano Spalletti ha pronta tra le mani una lista dei desideri rinfrescata, con i profili che nei suoi pensieri avrebbero il pedigree per permettere a questa Juventus incompiuta di cambiare marcia e brillare come vorrebbero tutti i tifosi, lui compreso. Con alcuni denominatori comuni: personalit\u00e0, qualit\u00e0, compatibilit\u00e0 con il calcio italiano.\u00a0<\/p>\n<p>        Chi si rivede\u2014 \u00a0<\/p>\n<p class=\"paragraph\" spellcheck=\"true\">I primi due nomi sono vecchie conoscenze della Serie A e rinforzerebbero la difesa e la trequarti bianconera: Kim Min-jae del Bayern Monaco e Brahim Diaz del Real Madrid. Il primo ha vissuto una stagione diventata leggendaria al Napoli proprio con Spalletti in panchina e l\u2019allenatore \u00e8 intrigato dall\u2019idea di ricreare il feeling da scudetto del 2022-2023 con il sudcoreano in difesa. Ne apprezza la possenza fisica e la velocit\u00e0, oltre all\u2019abitudine a interpretare il ruolo di centrale della retroguardia con coraggio, pronto all\u2019anticipo senza disdegnare un\u2019impostazione sicura quando necessario. L\u00e0 dietro la Juventus ha bisogno di aria fresca, a maggior ragione se Gleison Bremer dovesse essere ceduto per rimpinguare le casse societarie. La strada non \u00e8 impraticabile, considerando che Kim in Baviera non si \u00e8 mai rivisto ai livelli di Napoli ed \u00e8 reduce da una stagione a basso minutaggio. Per Diaz il discorso \u00e8 differente e servirebbe un investimento pi\u00f9 consistente da parte di Damien Comolli, ma Spalletti lo conosce dai tempi del Milan e na ha apprezzato l\u2019evoluzione degli ultimi anni. Al Real Madrid il nazionale marocchino vive in un ruolo dorato di alternativa ai titolarissimi e nella testa dell\u2019allenatore ha le qualit\u00e0 per sbrogliare le scomode matasse tra centrocampo e attacco, le mansioni che avrebbe affidato a Silva prima di incassare il suo \u201cno\u201d. A loro si aggiunge il nuovo portiere, su cui per\u00f2 si sta ancora metabolizzando la brusca frenata per Alisson. Valutazioni in corso.\u00a0<\/p>\n<p><a class=\"is-partner-link\" href=\"https:\/\/abbonamenti.gazzetta.it\/de-promo-mondiali\/?pwcmp=cta&amp;forceBrowser=true\" rel=\"nofollow noopener\" target=\"_blank\">Gazzetta Mondiale: ogni notte un\u2019edizione straordinaria esclusiva. Non perdertela, abbonati a 1\u20ac\/mese!<\/a><\/p>\n<p>        Non solo Dusan\u2014 \u00a0<\/p>\n<p class=\"paragraph\" spellcheck=\"true\">Dove serve un evidente cambio di passo alla Juventus \u00e8 senza dubbio l\u2019attacco, perch\u00e9 il ruolo di centravanti \u00e8 quello che pi\u00f9 \u00e8 sembrato penalizzare la Signora nei momenti chiave della stagione. Davanti la priorit\u00e0 di Spalletti resta il rinnovo di Dusan Vlahovic, operazione in stallo perch\u00e9, dopo  i tentativi di accordo (bloccati sui costi accessori), il serbo e il padre Milos hanno preso tempo nell\u2019intento di sondare l\u2019interesse di altri top club europei. L\u2019ex Fiorentina non \u00e8 per\u00f2 l\u2019unico nome, perch\u00e9 a Spalletti non dispiacerebbe affatto rivedere a Torino anche Randal Kolo Muani, che spera nei bianconeri e per cui \u00e8 previsto un incontro la prossima settimana con il Paris Saint-Germain, che vuole cederlo a titolo definitivo dopo la stagione in prestito al Newcastle. In alternativa, occhio a Jean-Philippe Mateta del Crystal Palace.<\/p>\n<p class=\"is-copyright\">\u00a9 RIPRODUZIONE RISERVATA<\/p>\n","protected":false},"excerpt":{"rendered":"L&#8217;ex Milan per la fantasia, in difesa i muscoli di Kim: sono le prime richieste di Luciano. E&hellip;\n","protected":false},"author":3,"featured_media":515157,"comment_status":"","ping_status":"","sticky":false,"template":"","format":"standard","meta":{"footnotes":"","_share_on_mastodon":"0"},"categories":[1452],"tags":[20628,284801,284802,21733,284803,284804,70390,1960,5294,765,89436,721,18350,767,8002,1740,1537,90,89,558,10470,113,3418,5382,100528,553,248,2381,8040,1917,4963,11377,28270,138,2181,31549,1739,24806,245,244,577,7190],"class_list":["post-515156","post","type-post","status-publish","format-standard","has-post-thumbnail","category-calcio","tag-abitudine","tag-abitudine-interpretare","tag-abitudine-interpretare-ruolo","tag-accessori","tag-accessori-serbo","tag-accessori-serbo-padre","tag-alisson","tag-allenatore","tag-alternativa","tag-attacco","tag-brahim","tag-calcio","tag-diaz","tag-difesa","tag-dusan","tag-football","tag-it","tag-italia","tag-italy","tag-juventus","tag-kim","tag-lista","tag-luciano","tag-madrid","tag-mateta","tag-milan","tag-napoli","tag-nomi","tag-occhio","tag-pronto","tag-qualita","tag-real","tag-real-madrid","tag-ruolo","tag-serve","tag-silva","tag-soccer","tag-spalletti","tag-sport","tag-sports","tag-stagione","tag-stallo"],"share_on_mastodon":{"url":"https:\/\/pubeurope.com\/@it\/116662520263490953","error":""},"_links":{"self":[{"href":"https:\/\/www.europesays.com\/it\/wp-json\/wp\/v2\/posts\/515156","targetHints":{"allow":["GET"]}}],"collection":[{"href":"https:\/\/www.europesays.com\/it\/wp-json\/wp\/v2\/posts"}],"about":[{"href":"https:\/\/www.europesays.com\/it\/wp-json\/wp\/v2\/types\/post"}],"author":[{"embeddable":true,"href":"https:\/\/www.europesays.com\/it\/wp-json\/wp\/v2\/users\/3"}],"replies":[{"embeddable":true,"href":"https:\/\/www.europesays.com\/it\/wp-json\/wp\/v2\/comments?post=515156"}],"version-history":[{"count":0,"href":"https:\/\/www.europesays.com\/it\/wp-json\/wp\/v2\/posts\/515156\/revisions"}],"wp:featuredmedia":[{"embeddable":true,"href":"https:\/\/www.europesays.com\/it\/wp-json\/wp\/v2\/media\/515157"}],"wp:attachment":[{"href":"https:\/\/www.europesays.com\/it\/wp-json\/wp\/v2\/media?parent=515156"}],"wp:term":[{"taxonomy":"category","embeddable":true,"href":"https:\/\/www.europesays.com\/it\/wp-json\/wp\/v2\/categories?post=515156"},{"taxonomy":"post_tag","embeddable":true,"href":"https:\/\/www.europesays.com\/it\/wp-json\/wp\/v2\/tags?post=515156"}],"curies":[{"name":"wp","href":"https:\/\/api.w.org\/{rel}","templated":true}]}}