{"id":515402,"date":"2026-05-30T11:48:15","date_gmt":"2026-05-30T11:48:15","guid":{"rendered":"https:\/\/www.europesays.com\/it\/515402\/"},"modified":"2026-05-30T11:48:15","modified_gmt":"2026-05-30T11:48:15","slug":"perche-totti-non-sposa-noemi-bocchi-il-retroscena-sullo-scontro-con-ilary-blasi","status":"publish","type":"post","link":"https:\/\/www.europesays.com\/it\/515402\/","title":{"rendered":"Perch\u00e9 Totti non sposa Noemi Bocchi, il retroscena sullo scontro con Ilary Blasi"},"content":{"rendered":"<p>Mentre<strong> Ilary Blasi<\/strong> sembra pronta a coronare la sua storia con <strong>Bastian Muller, Francesco Totti<\/strong> sceglie la strada della prudenza. L\u2019ex capitano della Roma e<strong> Noemi Bocchi<\/strong>, insieme dal 2022, non hanno infatti fretta di arrivare all\u2019altare.<\/p>\n<p>A rallentare i progetti di nozze non sarebbe il rapporto tra i due, che continua a procedere senza scossoni, quanto le questioni aperte con la conduttrice Mediaset. Sebbene l\u2019ex calciatore sia formalmente libero di risposarsi dopo la <strong>sentenza parziale di divorzio<\/strong> <a href=\"https:\/\/dilei.it\/vip\/ilary-blasi-francesco-totti-prima-udienza-divorzio\/2368796\/\" data-doctype=\"\" rel=\"nofollow noopener\" target=\"_blank\">arrivata nei giorni scorsi,<\/a> la battaglia giudiziaria con l\u2019ex moglie \u00e8 tutt\u2019altro che conclusa.<\/p>\n<p>Sul tavolo restano infatti <strong>diversi nodi economici e patrimoniali<\/strong> che potrebbero tenere gli ex coniugi in tribunale per mesi. Una situazione che avrebbe spinto l\u2019ex numero 10 giallorosso a rimandare qualsiasi progetto di matrimonio.<\/p>\n<p>A rendere pi\u00f9 comprensibile la scelta della coppia c\u2019\u00e8 anche la posizione di Noemi. Pure lei ha ottenuto una sentenza parziale di divorzio <strong>dall\u2019ex marito Mario Caucci<\/strong>, ma alcuni aspetti della separazione devono ancora essere definiti. Per questo, almeno per ora, i fiori d\u2019arancio possono attendere.\n<\/p>\n<p>La battaglia tra Totti e Ilary Blasi \u00e8 ancora molto lunga<\/p>\n<p>Come fa sapere il settimanale Oggi, nei prossimi mesi il tribunale sar\u00e0 chiamato a esaminare <strong>una lunga serie di questioni<\/strong> che riguardano il <strong>patrimonio di Francesco Totti e Ilary Blasi<\/strong>, le rispettive disponibilit\u00e0 economiche e gli accordi legati ai figli.<\/p>\n<p>Uno dei passaggi pi\u00f9 delicati sar\u00e0 rappresentato dalla consulenza tecnica disposta dai giudici, che dovr\u00e0 fare <strong>chiarezza sui beni posseduti dalle parti<\/strong> e sui redditi effettivamente percepiti. Solo dopo questa fase sar\u00e0 possibile affrontare nel dettaglio le richieste economiche avanzate dalle due parti.<\/p>\n<p>Tra i temi pi\u00f9 discussi resta quello del <strong>mantenimento<\/strong>. In una prima fase<a href=\"https:\/\/dilei.it\/star-e-vip\/ilary-blasi\/\" data-doctype=\"\" rel=\"nofollow noopener\" target=\"_blank\"> Ilary Blasi<\/a> aveva ottenuto un assegno mensile di 26 mila euro destinato ai figli, ma la situazione potrebbe essere rivista alla luce della maggiore et\u00e0 raggiunta da<strong> Cristian e Chanel<\/strong>. Anche la posizione della pi\u00f9 piccola Isabel continuer\u00e0 a essere oggetto di valutazione nel procedimento.<\/p>\n<p>La prossima udienza dovrebbe tenersi in autunno, ma gli addetti ai lavori ritengono che il procedimento possa protrarsi ancora a lungo, forse <strong>altri due anni<\/strong>. Un elemento che contribuisce a spiegare perch\u00e9 <a href=\"https:\/\/dilei.it\/star-e-vip\/francesco-totti\/\" data-doctype=\"\" rel=\"nofollow noopener\" target=\"_blank\">Francesco Totti<\/a> preferisca evitare ulteriori passi ufficiali nella sua vita privata.<\/p>\n<p>Dai Rolex alla villa dell\u2019Eur: tutti i nodi ancora da sciogliere<\/p>\n<p class=\"isSelectedEnd\">Lontano dalle telecamere, la battaglia tra <strong>Totti e Ilary<\/strong> continua infatti a svilupparsi su diversi fronti. Oltre alla questione degli assegni e del patrimonio, restano aperte numerose controversie che negli ultimi anni hanno alimentato il confronto tra gli ex coniugi.<\/p>\n<p class=\"isSelectedEnd\">Tra le pi\u00f9 note c\u2019\u00e8 quella legata ai<strong> Rolex<\/strong>, diventati uno dei simboli della loro separazione. Ma non meno importante \u00e8 il capitolo che riguarda <strong>la gestione della villa dell\u2019Eur<\/strong>, la residenza che per anni ha rappresentato il cuore della vita familiare della coppia e che oggi continua a essere al centro delle discussioni.<\/p>\n<p class=\"isSelectedEnd\">A queste si aggiungono<strong> le spese di gestione dell\u2019immobile, i costi di manutenzione e una serie di contestazioni<\/strong> minori che rendono il quadro particolarmente complesso. In assenza di accordi tra le parti, sar\u00e0 il tribunale a stabilire come risolvere le controversie ancora aperte.<\/p>\n<p>Per questo motivo, almeno per il momento, Totti sembra intenzionato a <strong>rimandare qualsiasi decisione<\/strong> sul matrimonio con Noemi Bocchi. La relazione procede a gonfie vele, ma prima di guardare al futuro Francesco vuole probabilmente chiudere definitivamente i conti con il passato.<\/p>\n<p>\t\t\t\tScopri i personaggi in trend, le storie del momento e molto altro.<br \/>Dove? Sul <a href=\"https:\/\/whatsapp.com\/channel\/0029Vb68mVyHVvTWezDm7d0R\" target=\"_blank\" rel=\"noopener nofollow\">canale WhatsApp di DiLei!<\/a><\/p>\n<p>\t\t\t<a class=\"buttonCall\" href=\"https:\/\/whatsapp.com\/channel\/0029Vb68mVyHVvTWezDm7d0R\" target=\"_blank\" rel=\"noopener nofollow\" title=\"Seguici su WhatsApp\"><br \/>\n\t\t\t\tSeguici su WhatsApp<br \/>\n\t\t\t<\/a><\/p>\n","protected":false},"excerpt":{"rendered":"Mentre Ilary Blasi sembra pronta a coronare la sua storia con Bastian Muller, Francesco Totti sceglie la strada&hellip;\n","protected":false},"author":3,"featured_media":515403,"comment_status":"","ping_status":"","sticky":false,"template":"","format":"standard","meta":{"footnotes":"","_share_on_mastodon":"0"},"categories":[1451],"tags":[1621,1620,3099,203,2690,217,204,1537,90,89,86],"class_list":["post-515402","post","type-post","status-publish","format-standard","has-post-thumbnail","category-celebrita","tag-celebrita","tag-celebrities","tag-divorzio","tag-entertainment","tag-francesco-totti","tag-ilary-blasi","tag-intrattenimento","tag-it","tag-italia","tag-italy","tag-vip"],"share_on_mastodon":{"url":"https:\/\/pubeurope.com\/@it\/116663373603888988","error":""},"_links":{"self":[{"href":"https:\/\/www.europesays.com\/it\/wp-json\/wp\/v2\/posts\/515402","targetHints":{"allow":["GET"]}}],"collection":[{"href":"https:\/\/www.europesays.com\/it\/wp-json\/wp\/v2\/posts"}],"about":[{"href":"https:\/\/www.europesays.com\/it\/wp-json\/wp\/v2\/types\/post"}],"author":[{"embeddable":true,"href":"https:\/\/www.europesays.com\/it\/wp-json\/wp\/v2\/users\/3"}],"replies":[{"embeddable":true,"href":"https:\/\/www.europesays.com\/it\/wp-json\/wp\/v2\/comments?post=515402"}],"version-history":[{"count":0,"href":"https:\/\/www.europesays.com\/it\/wp-json\/wp\/v2\/posts\/515402\/revisions"}],"wp:featuredmedia":[{"embeddable":true,"href":"https:\/\/www.europesays.com\/it\/wp-json\/wp\/v2\/media\/515403"}],"wp:attachment":[{"href":"https:\/\/www.europesays.com\/it\/wp-json\/wp\/v2\/media?parent=515402"}],"wp:term":[{"taxonomy":"category","embeddable":true,"href":"https:\/\/www.europesays.com\/it\/wp-json\/wp\/v2\/categories?post=515402"},{"taxonomy":"post_tag","embeddable":true,"href":"https:\/\/www.europesays.com\/it\/wp-json\/wp\/v2\/tags?post=515402"}],"curies":[{"name":"wp","href":"https:\/\/api.w.org\/{rel}","templated":true}]}}