{"id":515428,"date":"2026-05-30T12:14:18","date_gmt":"2026-05-30T12:14:18","guid":{"rendered":"https:\/\/www.europesays.com\/it\/515428\/"},"modified":"2026-05-30T12:14:18","modified_gmt":"2026-05-30T12:14:18","slug":"liverpool-via-slot-arriva-iraola-i-dettagli","status":"publish","type":"post","link":"https:\/\/www.europesays.com\/it\/515428\/","title":{"rendered":"Liverpool, via Slot, arriva Iraola? I dettagli"},"content":{"rendered":"<p>                                L&#8217;allenatore che aveva sostituito Klopp paga la stagione senza titoli dei Reds. Il basco ex Bournemouth sarebbe pronto a prenderne il posto<\/p>\n<p class=\"paragraph\" spellcheck=\"true\">Qualche voce circolava da giorni e il fatto che <a href=\"https:\/\/www.gazzetta.it\/Calciomercato\/24-09-2025\/andoni-iraola-come-gioca-e-come-pensa-il-prossimo-big-della-panchina.shtml?intcmp=hyperlink-articolo-gazit\" title=\"Iraola \u00e8 Merlino che batte Maga Mag\u00f2: come pensa e come allena il basco che piace al Milan\" rel=\"nofollow noopener\" target=\"_blank\">Andoni Iraola<\/a>, prima scelta del Milan per il dopo Allegri, non avesse ancora annunciato il suo passaggio dal Bournemouth, salutato mercoled\u00ec con un videomessaggio, al Crystal Palace, aveva fatto intuire che i giochi non erano fatti. Cos\u00ec come la firma col Bayer Leverkusen, che nelle ultime ore pareva aver operato il sorpasso ai danni dei londinesi. Oggi la notizia che cambia gli scenari e probabilmente spiega i tentennamenti del tecnico basco: il Liverpool e Arne Slot si lasciano ufficialmente.<\/p>\n<p>    il comunicato\u2014 \u00a0<\/p>\n<p class=\"paragraph is-inline\" spellcheck=\"true\">Lo comunicano i Reds stessi con uno scarno post sui social: &#8220;Il Liverpool conferma che Arne Slot lascia il suo ruolo di capo allenatore con effetto immediato e che il processo per trovare il suo successore \u00e8 in corso. Lascia dopo aver vinto un campionato e con la nostra pi\u00f9 profonda gratitudine&#8221;.<\/p>\n<p>        i motivi\u2014 \u00a0<\/p>\n<p class=\"paragraph\" spellcheck=\"true\">Questa stagione, la seconda in carica di Slot, per i Reds \u00e8 stata deludente. Quinto posto in Premier, eliminazione ai quarti di Champions e FA Cup, fuori al 4\u00b0 turno della Carabao. Il successore di Jugen Klopp aveva vinto il campionato nella prima stagione con il Liverpool ma gi\u00e0 si percepiva aria di scollamento con la squadra (ricordate a dicembre <a href=\"https:\/\/www.gazzetta.it\/Calcio\/Champions-League\/08-12-2025\/salah-escluso-inter-liverpool-slot.shtml?intcmp=hyperlink-articolo-gazit\" title=\"Liverpool-Salah, rottura totale: fuori dai convocati contro l&#039;Inter, i dettagli\" rel=\"nofollow noopener\" target=\"_blank\">lo sfogo di Salah<\/a> che tirava in ballo anche lui e che per questo rest\u00f2 fuori dai convocati di Champions contro l&#8217;Inter?) alla propriet\u00e0 evidentemente non \u00e8 bastato. E al suo posto potrebbe arrivare proprio Iraola.<\/p>\n","protected":false},"excerpt":{"rendered":"L&#8217;allenatore che aveva sostituito Klopp paga la stagione senza titoli dei Reds. Il basco ex Bournemouth sarebbe pronto&hellip;\n","protected":false},"author":3,"featured_media":515429,"comment_status":"","ping_status":"","sticky":false,"template":"","format":"standard","meta":{"footnotes":"","_share_on_mastodon":"0"},"categories":[1452],"tags":[1960,88667,88668,244939,17886,721,1856,1969,1740,281266,1537,90,89,95727,2735,3978,553,13202,42820,1739,245,244,577,41736],"class_list":["post-515428","post","type-post","status-publish","format-standard","has-post-thumbnail","category-calcio","tag-allenatore","tag-arne","tag-arne-slot","tag-basco","tag-bournemouth","tag-calcio","tag-campionato","tag-champions","tag-football","tag-iraola","tag-it","tag-italia","tag-italy","tag-klopp","tag-lascia","tag-liverpool","tag-milan","tag-reds","tag-slot","tag-soccer","tag-sport","tag-sports","tag-stagione","tag-successore"],"share_on_mastodon":{"url":"https:\/\/pubeurope.com\/@it\/116663475861003557","error":""},"_links":{"self":[{"href":"https:\/\/www.europesays.com\/it\/wp-json\/wp\/v2\/posts\/515428","targetHints":{"allow":["GET"]}}],"collection":[{"href":"https:\/\/www.europesays.com\/it\/wp-json\/wp\/v2\/posts"}],"about":[{"href":"https:\/\/www.europesays.com\/it\/wp-json\/wp\/v2\/types\/post"}],"author":[{"embeddable":true,"href":"https:\/\/www.europesays.com\/it\/wp-json\/wp\/v2\/users\/3"}],"replies":[{"embeddable":true,"href":"https:\/\/www.europesays.com\/it\/wp-json\/wp\/v2\/comments?post=515428"}],"version-history":[{"count":0,"href":"https:\/\/www.europesays.com\/it\/wp-json\/wp\/v2\/posts\/515428\/revisions"}],"wp:featuredmedia":[{"embeddable":true,"href":"https:\/\/www.europesays.com\/it\/wp-json\/wp\/v2\/media\/515429"}],"wp:attachment":[{"href":"https:\/\/www.europesays.com\/it\/wp-json\/wp\/v2\/media?parent=515428"}],"wp:term":[{"taxonomy":"category","embeddable":true,"href":"https:\/\/www.europesays.com\/it\/wp-json\/wp\/v2\/categories?post=515428"},{"taxonomy":"post_tag","embeddable":true,"href":"https:\/\/www.europesays.com\/it\/wp-json\/wp\/v2\/tags?post=515428"}],"curies":[{"name":"wp","href":"https:\/\/api.w.org\/{rel}","templated":true}]}}