{"id":515456,"date":"2026-05-30T12:41:15","date_gmt":"2026-05-30T12:41:15","guid":{"rendered":"https:\/\/www.europesays.com\/it\/515456\/"},"modified":"2026-05-30T12:41:15","modified_gmt":"2026-05-30T12:41:15","slug":"milan-glasner-e-loperazione-al-cervello-lepisodio","status":"publish","type":"post","link":"https:\/\/www.europesays.com\/it\/515456\/","title":{"rendered":"Milan, Glasner e l&#8217;operazione al cervello. L&#8217;episodio"},"content":{"rendered":"<p>                                Nel 2011, quando era un difensore del Ried, il tecnico che ora vuole il Milan rischi\u00f2 di morire: fu operato d\u2019urgenza per un&#8217;emorragia cerebrale. Un episodio che lo indusse al ritiro e iniziare ad allenare, nel solco di Rangnick<\/p>\n<p class=\"paragraph\" spellcheck=\"true\">C\u2019\u00e8 un giorno nella vita di Oliver Glasner  che non \u00e8 mai esistito.  O meglio, che l\u2019attuale tecnico del Crystal Palace non  ricorda di aver vissuto. \u00c8 il 4 agosto 2011, Glasner gioca ancora a calcio, difensore centrale e capitano del Ried, piccolo club in cui ha trascorso tutta la sua carriera in campo, tranne una parentesi brevissima al Lask Linz. L\u2019austriaco, allora 36enne, \u00e8 con la squadra a Copenaghen per la sfida con il Brondby, terzo turno delle qualificazioni all\u2019Europa League. La mattina della partita, avverte all\u2019improvviso una forte fitta alla testa. Qualcosa di anomalo, che non se ne va.  Il medico del Ried non capisce cosa sta succedendo e decide di portarlo in ospedale. Da l\u00ec in poi, Glasner non sa pi\u00f9 nulla. Si risveglier\u00e0 praticamente l\u2019indomani, intubato nel letto della clinica dove \u00e8 stato operato d\u2019urgenza per un&#8217;emorragia cerebrale, dovuta probabilmente a uno scontro di gioco di qualche giorno precedente. Solamente poi Oliver scoprir\u00e0 di aver rischiato di morire, non fosse stato per la prontezza dell\u2019equipe medica danese. &#8220;Conservo una foto di me in ospedale dopo l\u2019operazione, ma solo i miei famigliari l\u2019hanno vista&#8221;, dir\u00e0 in un\u2019intervista.<\/p>\n<p>        allenatore\u2014 \u00a0<\/p>\n<p class=\"paragraph\" spellcheck=\"true\">Quell\u2019episodio fu un punto di volta per Glasner, che decise di appendere le scarpe al chiodo e di dedicarsi al coaching, partendo dal club della sua citt\u00e0 natale, Salisburgo. Vice di Roger Schmidt, uno dei tanti tecnici emergenti nella galassia RedBull. \u00c8 l\u00ec che lavora per la prima volta insieme a Ralf Rangnick, diventato proprio quell\u2019anno direttore sportivo di Salisburgo e Lipsia, i due club sotto il segno del noto marchio di bevande energetiche. La sua crescita non \u00e8 subito vertiginosa, ma registra un\u2019impennata con l\u2019arrivo in Germania nel 2019:  porta il Wolfsburg in Champions nel 2021 e poi l\u2019Eintracht a vincere l\u2019Europa League l\u2019anno successivo. Il nome di Glasner comincia a circolare anche in Inghilterra, fino allo sbarco al Crystal Palace nel febbraio del 2024. Il resto \u00e8 storia recente, con tre coppe alzate da tecnico delle Eagles.<\/p>\n<p><a class=\"is-partner-link\" href=\"https:\/\/abbonamenti.gazzetta.it\/de-promo-mondiali\/?pwcmp=cta&amp;forceBrowser=true\" rel=\"nofollow noopener\" target=\"_blank\">Gazzetta Mondiale: ogni notte un\u2019edizione straordinaria esclusiva. Non perdertela, abbonati a 1\u20ac\/mese!<\/a><\/p>\n<p>        stile\u2014 \u00a0<\/p>\n<p class=\"paragraph\" spellcheck=\"true\">All\u2019ultima conferenza stampa, dopo aver sollevato la Conference a Lipsia, Oliver ha salutato cos\u00ec i giornalisti. &#8220;Siamo a 120 conferenze quest\u2019anno, vi ringrazio per non aver fatto troppe domande stupide&#8221;. E gi\u00f9 risate. L\u2019empatia \u00e8 uno dei suoi segreti anche nello spogliatoio. In campo, invece, ha fatto fortuna soprattutto con il 3-4-2-1 &#8220;fluido&#8221;, in grado cio\u00e8 di trasformarsi rapidamente in 4-4-2. Verticalit\u00e0, cross  e duelli individuali le sue tre parole chiave. Quelle che &#8211; c\u2019\u00e8 da giurarlo &#8211; metterebbe in valigia dovesse partire a breve per Milano.<\/p>\n<p class=\"is-copyright\">\u00a9 RIPRODUZIONE RISERVATA<\/p>\n","protected":false},"excerpt":{"rendered":"Nel 2011, quando era un difensore del Ried, il tecnico che ora vuole il Milan rischi\u00f2 di morire:&hellip;\n","protected":false},"author":3,"featured_media":515457,"comment_status":"","ping_status":"","sticky":false,"template":"","format":"standard","meta":{"footnotes":"","_share_on_mastodon":"0"},"categories":[1452],"tags":[8162,721,921,1887,554,22042,22043,4053,1884,1892,9162,3085,39015,114215,1740,261191,1537,90,89,1980,1914,8499,15451,4865,10211,85652,284997,811,812,13459,8015,282518,9452,282903,28043,1739,245,244,3375],"class_list":["post-515456","post","type-post","status-publish","format-standard","has-post-thumbnail","category-calcio","tag-allenare","tag-calcio","tag-campo","tag-cerebrale","tag-club","tag-crystal","tag-crystal-palace","tag-difensore","tag-emorragia","tag-emorragia-cerebrale","tag-episodio","tag-europa","tag-europa-league","tag-fitta","tag-football","tag-glasner","tag-it","tag-italia","tag-italy","tag-league","tag-li","tag-lipsia","tag-morire","tag-oliver","tag-operato","tag-operato-urgenza","tag-operato-urgenza-emorragia","tag-operazione","tag-ospedale","tag-palace","tag-quell","tag-rangnick","tag-ricorda","tag-ried","tag-salisburgo","tag-soccer","tag-sport","tag-sports","tag-tecnico"],"share_on_mastodon":{"url":"https:\/\/pubeurope.com\/@it\/116663582555779302","error":""},"_links":{"self":[{"href":"https:\/\/www.europesays.com\/it\/wp-json\/wp\/v2\/posts\/515456","targetHints":{"allow":["GET"]}}],"collection":[{"href":"https:\/\/www.europesays.com\/it\/wp-json\/wp\/v2\/posts"}],"about":[{"href":"https:\/\/www.europesays.com\/it\/wp-json\/wp\/v2\/types\/post"}],"author":[{"embeddable":true,"href":"https:\/\/www.europesays.com\/it\/wp-json\/wp\/v2\/users\/3"}],"replies":[{"embeddable":true,"href":"https:\/\/www.europesays.com\/it\/wp-json\/wp\/v2\/comments?post=515456"}],"version-history":[{"count":0,"href":"https:\/\/www.europesays.com\/it\/wp-json\/wp\/v2\/posts\/515456\/revisions"}],"wp:featuredmedia":[{"embeddable":true,"href":"https:\/\/www.europesays.com\/it\/wp-json\/wp\/v2\/media\/515457"}],"wp:attachment":[{"href":"https:\/\/www.europesays.com\/it\/wp-json\/wp\/v2\/media?parent=515456"}],"wp:term":[{"taxonomy":"category","embeddable":true,"href":"https:\/\/www.europesays.com\/it\/wp-json\/wp\/v2\/categories?post=515456"},{"taxonomy":"post_tag","embeddable":true,"href":"https:\/\/www.europesays.com\/it\/wp-json\/wp\/v2\/tags?post=515456"}],"curies":[{"name":"wp","href":"https:\/\/api.w.org\/{rel}","templated":true}]}}