{"id":515512,"date":"2026-05-30T13:31:21","date_gmt":"2026-05-30T13:31:21","guid":{"rendered":"https:\/\/www.europesays.com\/it\/515512\/"},"modified":"2026-05-30T13:31:21","modified_gmt":"2026-05-30T13:31:21","slug":"giro-ditalia-2026-dove-vedere-la-tappa-gemona-piancavallo-in-tv-e-streaming","status":"publish","type":"post","link":"https:\/\/www.europesays.com\/it\/515512\/","title":{"rendered":"Giro d&#8217;Italia 2026, dove vedere la tappa Gemona-Piancavallo in tv e streaming"},"content":{"rendered":"<p>    di<br \/>\n    Salvatore Riggio<\/p>\n<p class=\"summary-art is-line-h-12\">Penultima tappa, e ultima occasione per mettersi in luce per gli scalatori, di questa edizione del Giro d&#8217;Italia<\/p>\n<p class=\"chapter-paragraph\"><b>Penultima tappa, la numero 20, del Giro d&#8217;Italia<\/b>. \u00c8 in programma sabato 30 maggio la <b>Gemona del Friuli-Piancavallo<\/b> di 200 chilometri (orario di partenza alle 12.30 con arrivo stimato intorno alle 17-17.30).\u00a0<\/p>\n<p>        <img decoding=\"async\" class=\"is_full_image\" loading=\"lazy\" alt=\"Le tappe in Trentino, Veneto e Friuli del Giro d'Italia e del Giro Women 2026: arrivo a Pieve di Soligo, le Dolomiti decisive con Alleghe e i Piani di Pezz\u00e9\" src=\"https:\/\/www.europesays.com\/it\/wp-content\/uploads\/2026\/05\/692dc7258a2b9.jpeg\" data-full-src=\"https:\/\/www.europesays.com\/it\/wp-content\/uploads\/2026\/05\/692dc7258a2b9.jpeg\"\/><\/p>\n<p class=\"chapter-paragraph\">Questa frazione presenta una prima parte ondulata che percorre la piana del Tagliamento attorno a Gemona. Da segnalare la breve salita di Forgaria nel Friuli e il Gran Premio di Montagna di Clauzetto che immette nella Val Cosa dalla quale i corridori raggiungeranno Maniago per poi entrare a Montereale Valcellina nel <b>circuito finale di circa 53 km (che prevede la doppia scalata del Piancavallo<\/b>).    &#13;<br \/>\n&#13;<br \/>\n&#13;<br \/>\n&#13;<br \/>\n&#13;<br \/>\n&#13;<br \/>\n&#13;<br \/>\n&#13;<br \/>\n&#13;<br \/>\n&#13;<br \/>\n&#13;<br \/>\n&#13;<br \/>\n&#13;<br \/>\n&#13;<br \/>\n&#13;<br \/>\n&#13;<br \/>\n&#13;<br \/>\n&#13;<br \/>\n&#13;<br \/>\n&#13;<br \/>\n&#13;<br \/>\n&#13;<br \/>\n&#13;<br \/>\n&#13;<br \/>\n&#13;<br \/>\n&#13;<br \/>\n&#13;<br \/>\n&#13;<br \/>\n&#13;<br \/>\n&#13;<br \/>\n&#13;<br \/>\n&#13;<br \/>\n&#13;<br \/>\n&#13;<br \/>\n&#13;<br \/>\n&#13;<br \/>\n&#13;<br \/>\n&#13;<br \/>\n&#13;<br \/>\n&#13;<br \/>\n&#13;<br \/>\n&#13;<br \/>\n&#13;<br \/>\n&#13;<br \/>\n&#13;<br \/>\n&#13;<br \/>\n&#13;<br \/>\n&#13;<br \/>\n&#13;<br \/>\n&#13;<br \/>\n&#13;<br \/>\n&#13;<br \/>\n&#13;\n<\/p>\n<p class=\"chapter-paragraph\">Nella prima parte le strade sono abbastanza tortuose, ma sempre ampie e ben pavimentate. Dopo il primo passaggio, si scende sul lago di Barcis con una discesa abbastanza impegnativa seguita da una galleria di oltre 4 km in leggera discesa perfettamente illuminata e con fondo perfetto. Il percorso diventa, quindi, pianeggiante fino ad Aviano dove inizia la salita finale.<\/p>\n<p>    Dove vedere la tappa in tv<\/p>\n<p class=\"chapter-paragraph\">La penultima frazione del Giro d\u2019Italia \u2013 orario di partenza alle 12.30 con arrivo stimato intorno alle 17-17.30 \u2013 si potr\u00e0 vedere su Rai Sport fino alle 14 e dalle 14 su Raidue. Si potr\u00e0 vedere in streaming su Rai Play e si potr\u00e0 vedere anche su Eurosport, discovery+, Dazn e Hbo Max.<\/p>\n<p class=\"is-last-update\" datetime=\"2026-05-29T16:00:50+02:00\">30 maggio 2026<\/p>\n<p class=\"is-copyright\">\n            \u00a9 RIPRODUZIONE RISERVATA\n        <\/p>\n","protected":false},"excerpt":{"rendered":"di Salvatore Riggio Penultima tappa, e ultima occasione per mettersi in luce per gli scalatori, di questa edizione&hellip;\n","protected":false},"author":3,"featured_media":515513,"comment_status":"","ping_status":"","sticky":false,"template":"","format":"standard","meta":{"footnotes":"","_share_on_mastodon":"0"},"categories":[1456],"tags":[1262,279316,1824,1825,13227,1426,23917,3369,32871,1537,90,89,21487,113298,8014,135062,245,244,2218,2959],"class_list":["post-515512","post","type-post","status-publish","format-standard","has-post-thumbnail","category-ciclismo","tag-arrivo","tag-arrivo-stimato","tag-ciclismo","tag-cycling","tag-discesa","tag-finale","tag-gemona","tag-giro","tag-giro-italia","tag-it","tag-italia","tag-italy","tag-penultima","tag-piancavallo","tag-potra","tag-potra-vedere","tag-sport","tag-sports","tag-tappa","tag-vedere"],"share_on_mastodon":{"url":"https:\/\/pubeurope.com\/@it\/116663779010561419","error":""},"_links":{"self":[{"href":"https:\/\/www.europesays.com\/it\/wp-json\/wp\/v2\/posts\/515512","targetHints":{"allow":["GET"]}}],"collection":[{"href":"https:\/\/www.europesays.com\/it\/wp-json\/wp\/v2\/posts"}],"about":[{"href":"https:\/\/www.europesays.com\/it\/wp-json\/wp\/v2\/types\/post"}],"author":[{"embeddable":true,"href":"https:\/\/www.europesays.com\/it\/wp-json\/wp\/v2\/users\/3"}],"replies":[{"embeddable":true,"href":"https:\/\/www.europesays.com\/it\/wp-json\/wp\/v2\/comments?post=515512"}],"version-history":[{"count":0,"href":"https:\/\/www.europesays.com\/it\/wp-json\/wp\/v2\/posts\/515512\/revisions"}],"wp:featuredmedia":[{"embeddable":true,"href":"https:\/\/www.europesays.com\/it\/wp-json\/wp\/v2\/media\/515513"}],"wp:attachment":[{"href":"https:\/\/www.europesays.com\/it\/wp-json\/wp\/v2\/media?parent=515512"}],"wp:term":[{"taxonomy":"category","embeddable":true,"href":"https:\/\/www.europesays.com\/it\/wp-json\/wp\/v2\/categories?post=515512"},{"taxonomy":"post_tag","embeddable":true,"href":"https:\/\/www.europesays.com\/it\/wp-json\/wp\/v2\/tags?post=515512"}],"curies":[{"name":"wp","href":"https:\/\/api.w.org\/{rel}","templated":true}]}}