{"id":515667,"date":"2026-05-30T15:50:14","date_gmt":"2026-05-30T15:50:14","guid":{"rendered":"https:\/\/www.europesays.com\/it\/515667\/"},"modified":"2026-05-30T15:50:14","modified_gmt":"2026-05-30T15:50:14","slug":"modric-fra-il-pressing-di-ibra-e-la-tentazione-mourinho","status":"publish","type":"post","link":"https:\/\/www.europesays.com\/it\/515667\/","title":{"rendered":"Modric fra il pressing di Ibra e la tentazione Mourinho"},"content":{"rendered":"<p>                                Il croato, rimasto senza Champions e senza Allegri, prosegue la fase di riflessione mentre Zlatan si sta muovendo con lui dietro le quinte. Ma il ritorno al Real, nello staff del portoghese, \u00e8 uno scenario allettante<\/p>\n<p class=\"paragraph\" spellcheck=\"true\">Basta prendere una foto a scelta, nel dopogara di Milan-Cagliari, per capire: si va dallo sguardo incredulo e perso nel vuoto alla schiena china con le mani che si appoggiano alle gambe. Luka Modric non \u00e8 Atlante, ma di certo ha portato pi\u00f9 di una volta tutto il peso del mondo rossonero sulle sue spalle. Solo che alla fine non \u00e8 stato sufficiente. Se un&#8217;intera squadra si spegne di colpo, tutta insieme, anche un Pallone d&#8217;oro con sei Champions in bacheca si ritrova con le armi spuntate.<\/p>\n<p>        domande\u2014 \u00a0<\/p>\n<p class=\"paragraph\" spellcheck=\"true\">Luka ha iniziato la fase della riflessione e, di base, vorrebbe concluderla prima che inizi il Mondiale. Il croato vorrebbe dedicarsi alla sua nazionale a 360 gradi, senza passare le giornate a domandarsi cosa fare di s\u00e9 la prossima stagione. Ma non \u00e8 detto che tutto sia chiaro entro l&#8217;inizio del torneo. Le opzioni comunque sono pi\u00f9 o meno sempre le stesse. Una possibile permanenza al Milan (al momento opzione poco quotata), un ritorno romantico alla Dinamo Zagabria del suo idolo Boban, il ritiro dal calcio giocato e, in quest&#8217;ultimo caso, uno scenario decisamente suggestivo che lo riporterebbe al Real nello staff di Mourinho. Che, guarda caso, sta cercando proprio una figura come la sua sulla quale appoggiarsi. Del possibile rientro alla Casa Blanca si parla gi\u00e0 da un po&#8217; &#8211; anche quando il Milan pareva certo di andarsene in Champions -, ma pareva nelle vesti di calciatore. Insomma, chiudere dove si sono alzate tante volte le braccia al cielo con un trofeo nelle mani.<\/p>\n<p><a class=\"is-partner-link\" href=\"https:\/\/abbonamenti.gazzetta.it\/de-promo-mondiali\/?pwcmp=cta&amp;forceBrowser=true\" rel=\"nofollow noopener\" target=\"_blank\">Gazzetta Mondiale: ogni notte un\u2019edizione straordinaria esclusiva. Non perdertela, abbonati a 1\u20ac\/mese!<\/a><\/p>\n<p>        argomentazioni\u2014 \u00a0<\/p>\n<p class=\"paragraph\" spellcheck=\"true\">Di certo al croato farebbe piacere &#8211; e anche comodo per potersi dare uno scenario concreto &#8211; sapere e capire come sar\u00e0 strutturato il Milan &#8217;26-27. Ma in via Aldo Rossi ora come ora \u00e8 tutto in alto mare. Ibrahimovic si muove tra call e incontri di persona, in attesa che le altre caselle dirigenziali si riempiano, e intanto dietro le quinte prova a fare&#8230; l&#8217;Allegri. Cos\u00ec Max era stato decisivo un anno fa nella permanenza di Maignan, Zlatan sta provando a convincere Luka a restare dov&#8217;\u00e8, utilizzando soprattutto due argomentazioni. Una ineccepibile (sei il nostro senatore, abbiamo bisogno di punto di riferimento come te per ripartire) e un&#8217;altra meno certa (stiamo lavorando per ricostruire una squadra e un club da top class). Il tentativo di Z \u00e8 doveroso ed encomiabile ma, a naso, difficilmente baster\u00e0 in assenza di concretezza.<\/p>\n<p class=\"is-copyright\">\u00a9 RIPRODUZIONE RISERVATA<\/p>\n","protected":false},"excerpt":{"rendered":"Il croato, rimasto senza Champions e senza Allegri, prosegue la fase di riflessione mentre Zlatan si sta muovendo&hellip;\n","protected":false},"author":3,"featured_media":515668,"comment_status":"","ping_status":"","sticky":false,"template":"","format":"standard","meta":{"footnotes":"","_share_on_mastodon":"0"},"categories":[1452],"tags":[3076,181801,721,6880,1969,7917,313,282345,1740,1537,90,89,18569,487,553,5904,6048,87551,45279,4565,31694,11377,285059,1844,3675,2743,1739,245,244,1857,6194,40604],"class_list":["post-515667","post","type-post","status-publish","format-standard","has-post-thumbnail","category-calcio","tag-allegri","tag-argomentazioni","tag-calcio","tag-capire","tag-champions","tag-croato","tag-fase","tag-fase-riflessione","tag-football","tag-it","tag-italia","tag-italy","tag-luka","tag-mani","tag-milan","tag-modric","tag-mourinho","tag-pareva","tag-permanenza","tag-possibile","tag-quinte","tag-real","tag-real-staff","tag-riflessione","tag-ritorno","tag-scenario","tag-soccer","tag-sport","tag-sports","tag-squadra","tag-staff","tag-vorrebbe"],"share_on_mastodon":{"url":"https:\/\/pubeurope.com\/@it\/116664325192819342","error":""},"_links":{"self":[{"href":"https:\/\/www.europesays.com\/it\/wp-json\/wp\/v2\/posts\/515667","targetHints":{"allow":["GET"]}}],"collection":[{"href":"https:\/\/www.europesays.com\/it\/wp-json\/wp\/v2\/posts"}],"about":[{"href":"https:\/\/www.europesays.com\/it\/wp-json\/wp\/v2\/types\/post"}],"author":[{"embeddable":true,"href":"https:\/\/www.europesays.com\/it\/wp-json\/wp\/v2\/users\/3"}],"replies":[{"embeddable":true,"href":"https:\/\/www.europesays.com\/it\/wp-json\/wp\/v2\/comments?post=515667"}],"version-history":[{"count":0,"href":"https:\/\/www.europesays.com\/it\/wp-json\/wp\/v2\/posts\/515667\/revisions"}],"wp:featuredmedia":[{"embeddable":true,"href":"https:\/\/www.europesays.com\/it\/wp-json\/wp\/v2\/media\/515668"}],"wp:attachment":[{"href":"https:\/\/www.europesays.com\/it\/wp-json\/wp\/v2\/media?parent=515667"}],"wp:term":[{"taxonomy":"category","embeddable":true,"href":"https:\/\/www.europesays.com\/it\/wp-json\/wp\/v2\/categories?post=515667"},{"taxonomy":"post_tag","embeddable":true,"href":"https:\/\/www.europesays.com\/it\/wp-json\/wp\/v2\/tags?post=515667"}],"curies":[{"name":"wp","href":"https:\/\/api.w.org\/{rel}","templated":true}]}}