{"id":515759,"date":"2026-05-30T17:16:15","date_gmt":"2026-05-30T17:16:15","guid":{"rendered":"https:\/\/www.europesays.com\/it\/515759\/"},"modified":"2026-05-30T17:16:15","modified_gmt":"2026-05-30T17:16:15","slug":"verissimo-le-storie-con-le-migliori-interviste-della-stagione-da-cecilia-rodriguez-a-heather-parisi-tutti-gli-ospiti","status":"publish","type":"post","link":"https:\/\/www.europesays.com\/it\/515759\/","title":{"rendered":"Verissimo, le storie con le migliori interviste della stagione: da Cecilia Rodriguez a Heather Parisi. Tutti gli ospiti"},"content":{"rendered":"<p>\n                            Moda e Tendenze, ogni marted\u00ec<br \/>\n                            <b>Iscriviti<\/b> e ricevi le notizie via email\n                        <\/p>\n<p>La stagione di <a href=\"https:\/\/www.ilmessaggero.it\/t\/verissimo\" rel=\"nofollow noopener\" target=\"_blank\">Verissimo<\/a> si \u00e8 chiusa con la puntata dedicata ai finalisti di <a href=\"https:\/\/www.ilmessaggero.it\/t\/amici\" rel=\"nofollow noopener\" target=\"_blank\">Amici<\/a> andata in onda sabato scorso. <a href=\"https:\/\/www.ilmessaggero.it\/t\/silvia-toffanin\" rel=\"nofollow noopener\" target=\"_blank\">Silvia Toffanin<\/a>, per\u00f2, non lascia soli i suoi telespettatori pi\u00f9 affezionati. Oggi, sabato 30 maggio, e domani, domenica 31 maggio, vengono riproposte alcune delle interviste pi\u00f9 importanti della stagione nel contenitore Verissimo &#8211; Le Storie.<\/p>\n<p>&#13;<br \/>\n    APPROFONDIMENTI&#13;<\/p>\n<p>&#13;<\/p>\n<p>                <a href=\"https:\/\/www.ilmessaggero.it\/televisione\/domenica_in_famiglia_nel_bosco_ospiti_30_maggio-9563970.html\" title=\"Domenica In, Mara Venier chiude\u00a0\" rel=\"nofollow noopener\" target=\"_blank\"><img loading=\"lazy\" decoding=\"async\" src=\"https:\/\/www.europesays.com\/it\/wp-content\/uploads\/2026\/05\/9563970_30115411_erede_cast_4_.jpg\" title=\"Domenica In, Mara Venier chiude\u00a0\" width=\"64\" height=\"64\" data-pagespeed-no-transform=\"\"\/><\/a>            <\/p>\n<p>    &#13;<\/p>\n<p>    &#13;<\/p>\n<p>Gli ospiti di oggi <\/p>\n<p><a href=\"https:\/\/www.ilmessaggero.it\/t\/arianna-montefiori\" rel=\"nofollow noopener\" target=\"_blank\">Arianna Montefiori<\/a> e <a href=\"https:\/\/www.ilmessaggero.it\/t\/briga\" rel=\"nofollow noopener\" target=\"_blank\">Briga<\/a> raccontano il loro amore. <a href=\"https:\/\/www.ilmessaggero.it\/t\/toni-capuozzo\" rel=\"nofollow noopener\" target=\"_blank\">Toni Capuozzo<\/a> si mostra in un racconto inedito. Ancora, la storia d&#8217;amore e di famiglia di <a href=\"https:\/\/www.ilmessaggero.it\/t\/beatrice-valli\" rel=\"nofollow noopener\" target=\"_blank\">Beatrice Valli<\/a> e <a href=\"https:\/\/www.ilmessaggero.it\/t\/marco-fantini\" rel=\"nofollow noopener\" target=\"_blank\">Marco Fantini<\/a>. <a href=\"https:\/\/www.ilmessaggero.it\/t\/cecilia-rodriguez\" rel=\"nofollow noopener\" target=\"_blank\">Cecilia Rodriguez<\/a> e <a href=\"https:\/\/www.ilmessaggero.it\/t\/ignazio-moser\" rel=\"nofollow noopener\" target=\"_blank\">Ignazio Moser<\/a> raccontano il loro rapporto e la difficolt\u00e0 vissuta prima dell&#8217;arrivo della figlia. Riproposta anche l&#8217;intervista di <a href=\"https:\/\/www.ilmessaggero.it\/t\/marcella-bella\" rel=\"nofollow noopener\" target=\"_blank\">Marcella Bella<\/a>.<\/p>\n<p>Gli ospiti di domani <\/p>\n<p>Il campione di sci <a href=\"https:\/\/www.ilmessaggero.it\/t\/simone-deromedis\" rel=\"nofollow noopener\" target=\"_blank\">Simone Deromedis<\/a> mostra l&#8217;uomo dietro il talento. <a href=\"https:\/\/www.ilmessaggero.it\/t\/paolo-bonolis\" rel=\"nofollow noopener\" target=\"_blank\">Paolo Bonolis<\/a>\u00a0e <a href=\"https:\/\/www.ilmessaggero.it\/t\/davide-bonolis\" rel=\"nofollow noopener\" target=\"_blank\">Davide Bonolis<\/a> divertono ed emozionano in un racconto padre e figlio. Si rivive l&#8217;intervista dei <a href=\"https:\/\/www.ilmessaggero.it\/t\/pooh\" rel=\"nofollow noopener\" target=\"_blank\">Pooh<\/a>. L&#8217;amore viene dimostrato da <a href=\"https:\/\/www.ilmessaggero.it\/t\/giorgia-palmas\" rel=\"nofollow noopener\" target=\"_blank\">Giorgia Palmas<\/a> e <a href=\"https:\/\/www.ilmessaggero.it\/t\/filippo-magnini\" rel=\"nofollow noopener\" target=\"_blank\">Filippo Magnini<\/a>. Infine l&#8217;intenso racconto di <a href=\"https:\/\/www.ilmessaggero.it\/t\/heather-parisi\" rel=\"nofollow noopener\" target=\"_blank\">Heather Parisi<\/a>.<\/p>\n<p>&#13;<br \/>\n                            \u00a9 RIPRODUZIONE RISERVATA&#13;<\/p>\n<p>&#13;<\/p>\n","protected":false},"excerpt":{"rendered":"Moda e Tendenze, ogni marted\u00ec Iscriviti e ricevi le notizie via email La stagione di Verissimo si \u00e8&hellip;\n","protected":false},"author":3,"featured_media":515760,"comment_status":"","ping_status":"","sticky":false,"template":"","format":"standard","meta":{"footnotes":"","_share_on_mastodon":"0"},"categories":[1444],"tags":[203,204,1537,90,89,9424,170601,253,22839,285093,189193],"class_list":["post-515759","post","type-post","status-publish","format-standard","has-post-thumbnail","category-tv","tag-entertainment","tag-intrattenimento","tag-it","tag-italia","tag-italy","tag-ospiti","tag-ospiti-tv","tag-tv","tag-verissimo","tag-verissimo-le-storie","tag-verissimo-ospiti"],"share_on_mastodon":{"url":"https:\/\/pubeurope.com\/@it\/116664664338366351","error":""},"_links":{"self":[{"href":"https:\/\/www.europesays.com\/it\/wp-json\/wp\/v2\/posts\/515759","targetHints":{"allow":["GET"]}}],"collection":[{"href":"https:\/\/www.europesays.com\/it\/wp-json\/wp\/v2\/posts"}],"about":[{"href":"https:\/\/www.europesays.com\/it\/wp-json\/wp\/v2\/types\/post"}],"author":[{"embeddable":true,"href":"https:\/\/www.europesays.com\/it\/wp-json\/wp\/v2\/users\/3"}],"replies":[{"embeddable":true,"href":"https:\/\/www.europesays.com\/it\/wp-json\/wp\/v2\/comments?post=515759"}],"version-history":[{"count":0,"href":"https:\/\/www.europesays.com\/it\/wp-json\/wp\/v2\/posts\/515759\/revisions"}],"wp:featuredmedia":[{"embeddable":true,"href":"https:\/\/www.europesays.com\/it\/wp-json\/wp\/v2\/media\/515760"}],"wp:attachment":[{"href":"https:\/\/www.europesays.com\/it\/wp-json\/wp\/v2\/media?parent=515759"}],"wp:term":[{"taxonomy":"category","embeddable":true,"href":"https:\/\/www.europesays.com\/it\/wp-json\/wp\/v2\/categories?post=515759"},{"taxonomy":"post_tag","embeddable":true,"href":"https:\/\/www.europesays.com\/it\/wp-json\/wp\/v2\/tags?post=515759"}],"curies":[{"name":"wp","href":"https:\/\/api.w.org\/{rel}","templated":true}]}}