{"id":516020,"date":"2026-05-30T21:44:20","date_gmt":"2026-05-30T21:44:20","guid":{"rendered":"https:\/\/www.europesays.com\/it\/516020\/"},"modified":"2026-05-30T21:44:20","modified_gmt":"2026-05-30T21:44:20","slug":"jessica-alba-tiene-le-distanze-da-cash-warren-al-diploma-della-figlia","status":"publish","type":"post","link":"https:\/\/www.europesays.com\/it\/516020\/","title":{"rendered":"Jessica Alba tiene le distanze da Cash Warren al diploma della figlia"},"content":{"rendered":"<p>                                La 45enne ha ritrovato l&#8217;amore con Danny Ramirez, ma i rapporti con l&#8217;ex marito sembrano ancora tesi<\/p>\n<p>                    30 maggio &#8211; 11:47  &#8211; MILANO<\/p>\n<p class=\"paragraph\" spellcheck=\"true\">\u00c8 passato un anno e mezzo da quando <b>Jessica Alba ha annunciato la separazione da Cash Warren<\/b> <a href=\"https:\/\/www.gazzetta.it\/gossip\/09-01-2025\/jessica-alba-e-cash-warren-verso-il-divorzio-dopo-16-anni-di-matrimonio.shtml?refresh_ce&amp;intcmp=hyperlink-articolo-gazit\" target=\"_blank\" rel=\"nofollow noopener\">dopo 16 anni di matrimonio<\/a>, ma sembra proprio che il tempo trascorso fino a questo momento non si ancora servito a far tornare <b>la serenit\u00e0 tra i due ex coniugi<\/b>. Jessica e Cash hanno partecipato insieme alla cerimonia di diploma della figlia Honor, ma per tutto il tempo <b>hanno mantenuto le distanze e non si sono rivolti la parola<\/b>.<\/p>\n<p>        Jessica Alba tiene le distanze dall&#8217;ex marito Cash Warren\u2014 \u00a0<\/p>\n<p class=\"paragraph\" spellcheck=\"true\"><a href=\"https:\/\/www.gazzetta.it\/gossip\/02-04-2026\/jessica-alba-in-bikini-alle-hawaii-senza-il-fidanzato-danny-ramirez.shtml?intcmp=hyperlink-articolo-gazit\" target=\"_blank\" rel=\"nofollow noopener\">L&#8217;attrice e imprenditrice<\/a>, da quasi <a href=\"https:\/\/www.gazzetta.it\/gossip\/17-09-2025\/jessica-alba-e-danny-ramirez-mano-nella-mano-a-new-york.shtml?intcmp=hyperlink-articolo-gazit\" target=\"_blank\" rel=\"nofollow noopener\">un anno legata al collega<\/a> <b>Danny Ramirez<\/b>, ha ritrovato il padre dei suoi tre figli gioved\u00ec pomeriggio a Los Angeles, in occasione della cerimonia di consegna del diploma della figlia <b>Honor<\/b>, 18 anni il prossimo 7 giugno. Con loro c&#8217;erano gli altri due figli, <b>Haven Garner<\/b> e <b>Hayes<\/b>, di 15 e 8 anni, e diversi membri della famiglia, tutti pronti a celebrare l&#8217;importante traguardo di Honor.<\/p>\n<p class=\"paragraph\" spellcheck=\"true\">A colpire i presenti, e gli utenti dei social dopo la pubblicazioni di tanti scatti in arrivo dall&#8217;evento, \u00e8 stata la distanza fisica tra Jessica e Cash: <b>i due hanno deciso di sedersi ai lati opposti della stessa fila<\/b>, con dieci persone tra di loro, incluso il piccolo Hayes seduto vicino al pap\u00e0. Dopo la cerimonia, <a href=\"https:\/\/www.gazzetta.it\/gossip\/16-03-2025\/jessica-alba-dopo-il-divorzio-da-cash-warren-e-pronta-a-divertirsi-un-po.shtml?intcmp=hyperlink-articolo-gazit\" target=\"_blank\" rel=\"nofollow noopener\">i futuri ex coniugi<\/a> <b>hanno continuano a ignorarsi<\/b>, pur conversando con lo stesso gruppo di parenti, ma in momenti diversi della giornata.<\/p>\n<p class=\"paragraph\" spellcheck=\"true\">Anche negli scatti condivisi dalla stessa attrice su Instagram dopo la cerimonia, con una toccante dedica per la primogenita, <b>Jessica Alba non ha menzionato direttamente Cash Warren<\/b> n\u00e9 lo ha incluso tra le foto. &#8220;Sembra ieri che ti tenevo tra le braccia, e in un batter d&#8217;occhio eccoti qui, pronta per il tuo prossimo capitolo. Quando chiudo gli occhi, vedo ancora la bambina che voleva un&#8217;altra ninna nanna, un&#8217;altra storia, e coccole senza fine. E ora ti stai diplomando&#8221;, ha scritto la 45enne, presto al cinema in <a href=\"https:\/\/www.gazzetta.it\/Motori\/12-01-2025\/film-2025-f1-e-moto-brad-pitt-e-claudio-santamaria.shtml?intcmp=hyperlink-articolo-gazit\" target=\"_blank\" rel=\"nofollow noopener\">Maserati: The Brothers,<\/a> il film di Bobby Moresco sulla storia dei fratelli Maserati e la loro passione per le quattro ruote.<\/p>\n<p><a class=\"is-partner-link\" href=\"https:\/\/abbonamenti.gazzetta.it\/de-promo-mondiali\/?pwcmp=cta&amp;forceBrowser=true\" rel=\"nofollow noopener\" target=\"_blank\">Gazzetta Mondiale: ogni notte un\u2019edizione straordinaria esclusiva. Non perdertela, abbonati a 1\u20ac\/mese!<\/a><\/p>\n<p class=\"paragraph\" spellcheck=\"true\">&#8220;Vederti diventare la giovane donna che sei oggi \u00e8 stato uno dei privilegi pi\u00f9 grandi della mia vita. Dire che sono orgogliosa di te \u00e8 riduttivo. Il tempo vola. Il tempo \u00e8 sacro. E ogni momento dell&#8217;essere tua mamma \u00e8 stato uno dei doni pi\u00f9 grandi della mia vita. Congratulazioni, bambina mia. Ti amer\u00f2 per sempre e sempre&#8221;, ha concluso Alba. L&#8217;unico <b>vago accenno a Warren<\/b> \u00e8 arrivato tra le storie su Instagram dove, invece di usare la prima persona singolare, ha scritto: &#8220;Ti amiamo pi\u00f9 di quanto le parole possano descrivere&#8221;.<\/p>\n<p class=\"is-above-copyright is-mr-r-10\" spellcheck=\"true\">La Gazzetta dello Sport<\/p>\n<p class=\"is-copyright\">\u00a9 RIPRODUZIONE RISERVATA<\/p>\n","protected":false},"excerpt":{"rendered":"La 45enne ha ritrovato l&#8217;amore con Danny Ramirez, ma i rapporti con l&#8217;ex marito sembrano ancora tesi 30&hellip;\n","protected":false},"author":3,"featured_media":516021,"comment_status":"","ping_status":"","sticky":false,"template":"","format":"standard","meta":{"footnotes":"","_share_on_mastodon":"0"},"categories":[1451],"tags":[8714,285164,285165,2537,7738,2766,19557,19852,1621,1620,818,12007,19839,19842,4028,285161,285162,22372,285166,285167,2391,203,3384,285163,27172,204,1537,90,89,19838,19841,7242,50870],"class_list":["post-516020","post","type-post","status-publish","format-standard","has-post-thumbnail","category-celebrita","tag-alba","tag-alba-tiene","tag-alba-tiene-distanze","tag-altra","tag-attrice","tag-bambina","tag-cash","tag-cash-warren","tag-celebrita","tag-celebrities","tag-cerimonia","tag-coniugi","tag-danny","tag-danny-ramirez","tag-diploma","tag-diploma-figlia","tag-diploma-figlia-honor","tag-distanze","tag-distanze-marito","tag-distanze-marito-cash","tag-diversi","tag-entertainment","tag-figlia","tag-figlia-honor","tag-honor","tag-intrattenimento","tag-it","tag-italia","tag-italy","tag-jessica","tag-jessica-alba","tag-marito","tag-warren"],"share_on_mastodon":{"url":"https:\/\/pubeurope.com\/@it\/116665716982021554","error":""},"_links":{"self":[{"href":"https:\/\/www.europesays.com\/it\/wp-json\/wp\/v2\/posts\/516020","targetHints":{"allow":["GET"]}}],"collection":[{"href":"https:\/\/www.europesays.com\/it\/wp-json\/wp\/v2\/posts"}],"about":[{"href":"https:\/\/www.europesays.com\/it\/wp-json\/wp\/v2\/types\/post"}],"author":[{"embeddable":true,"href":"https:\/\/www.europesays.com\/it\/wp-json\/wp\/v2\/users\/3"}],"replies":[{"embeddable":true,"href":"https:\/\/www.europesays.com\/it\/wp-json\/wp\/v2\/comments?post=516020"}],"version-history":[{"count":0,"href":"https:\/\/www.europesays.com\/it\/wp-json\/wp\/v2\/posts\/516020\/revisions"}],"wp:featuredmedia":[{"embeddable":true,"href":"https:\/\/www.europesays.com\/it\/wp-json\/wp\/v2\/media\/516021"}],"wp:attachment":[{"href":"https:\/\/www.europesays.com\/it\/wp-json\/wp\/v2\/media?parent=516020"}],"wp:term":[{"taxonomy":"category","embeddable":true,"href":"https:\/\/www.europesays.com\/it\/wp-json\/wp\/v2\/categories?post=516020"},{"taxonomy":"post_tag","embeddable":true,"href":"https:\/\/www.europesays.com\/it\/wp-json\/wp\/v2\/tags?post=516020"}],"curies":[{"name":"wp","href":"https:\/\/api.w.org\/{rel}","templated":true}]}}