{"id":516084,"date":"2026-05-30T22:44:17","date_gmt":"2026-05-30T22:44:17","guid":{"rendered":"https:\/\/www.europesays.com\/it\/516084\/"},"modified":"2026-05-30T22:44:17","modified_gmt":"2026-05-30T22:44:17","slug":"marquez-ducati-ha-il-potenziale-per-lottare-per-il-titolo-sono-io-che-non-riesco-a-sfruttarla","status":"publish","type":"post","link":"https:\/\/www.europesays.com\/it\/516084\/","title":{"rendered":"Marquez: &#8220;Ducati ha il potenziale per lottare per il titolo. Sono io che non riesco a sfruttarla&#8221;"},"content":{"rendered":"<p>Marc Marquez lo aveva gi\u00e0 preannunciato nei giorni precedenti, quando si \u00e8 presentato al Mugello dopo aver saltato le ultime gare a causa di un intervento chirurgico al piede e alla spalla destra, meno di tre settimane fa. Pur sapendo che sarebbe stata dura, il pilota della Ducati ha frenato pi\u00f9 tardi di tutti alla prima curva dopo la partenza e per alcuni metri ha guidato la gara, finch\u00e9 &#8220;mi hanno superato da tutte le parti&#8221;, ha spiegato a fine giornata.<\/p>\n<p>&#8220;\u00c8 stata una bella sensazione poter tornare in pista dopo l&#8217;intervento alla spalla e vedere come mi sono sentito giorno dopo giorno. Oggi ero pi\u00f9 stanco, logicamente, ma la posizione sulla moto era migliore e mi sentivo pi\u00f9 a mio agio. Al mattino sono riuscito a fare un buon giro e a qualificarmi quarto in griglia. In gara sono partito con calma\u2026&#8221;, ha detto prima di essere interrotto, dato che il catalano \u00e8 partito come un puledro imbizzarrito arrivando in testa alla prima curva.<\/p>\n<p>&#8220;La partenza \u00e8 stata grintosa, ma poi nel primo giro mi hanno attaccato da tutte le parti, quindi&#8230; da l\u00ec mi sono posizionato dove dovevamo stare; in base ai passi eravamo ottavi, pi\u00f9 o meno, e ho adottato il ritmo che sentivo in ogni momento per finire la Sprint, che ci ha regalato un quinto posto. Lontano dai primi, soprattutto dai due davanti che hanno volato, ma va bene, sono contento&#8221;.<\/p>\n<p>\u00a0<\/p>\n<p>Superata la difficile prova di sabato, per Marc arriva quella ancora pi\u00f9 impegnativa di domenica, con la gara lunga che prevede il doppio dei giri.<\/p>\n<p>&#8220;Sar\u00e0 dura, si sentir\u00e0 la stanchezza, ma cercher\u00f2 di stare in sella e di fare pi\u00f9 giri per recuperare il ritmo. L&#8217;obiettivo \u00e8 superare la giornata di domani, tornare a casa, riposarci un po&#8217; e poi andare a Balaton. Non mi piace essere prudente, non lo sono mai stato, ma ora bisogna esserlo. Devo mettermelo in testa e anche se quando abbasso la visiera, ora non \u00e8 il momento&#8221;.<\/p>\n<p>   <img decoding=\"async\" draggable=\"false\" src=\"https:\/\/www.europesays.com\/it\/wp-content\/uploads\/2026\/05\/marc-marquez-ducati-team.jpg\" alt=\"Marc M\u00e1rquez, Ducati Team\" width=\"1200\" height=\"800\" loading=\"lazy\"\/> <\/p>\n<p class=\"title\">Marc M\u00e1rquez, Ducati Team<\/p>\n<p class=\"photographer\">Foto di: Andreas Solaro \/ AFP via Getty Images<\/p>\n<p>La partenza di Marquez ha ricordato un po&#8217; i tempi del &#8220;o tutto o niente&#8221;, che non hanno nulla a che vedere con il discorso prudente che Marc sta comunicando.<\/p>\n<p>&#8220;Sono partito bene, mi sono posizionato all&#8217;interno e ho visto che le <a href=\"https:\/\/it.motorsport.com\/team\/aprilia-racing\/2162\/\" target=\"_blank\" rel=\"noopener nofollow\">Aprilia<\/a> andavano all&#8217;esterno e ho pensato: &#8216;Dove frenano loro, io freno un po&#8217; pi\u00f9 tardi per vedere se riesco a fermarla&#8217;. E l&#8217;ho fermata. Ma poi alla curva 3 non ho voluto attaccare Martin, poi sono stato passato anche da Moreira, che sta guidando molto bene. Ieri mi aveva gi\u00e0 avvisato, siamo molto amici. Gli ho detto che oggi saremmo stati insieme e lui mi ha detto: &#8216;Sai che devo superarti almeno una volta prima che tu ti ritiri, cos\u00ec ho la foto&#8217;, e ora ce l&#8217;ha (ride). La verit\u00e0 \u00e8 che sta guidando la <a href=\"https:\/\/it.motorsport.com\/team\/honda-motogp\/2260\/\" target=\"_blank\" rel=\"noopener nofollow\">Honda<\/a> in modo che \u00e8 un piacere guardarlo&#8221;, ha rivelato Marc.<\/p>\n<p>\u00a0<\/p>\n<p>Di ritorno da un infortunio e da un doppio intervento chirurgico, Marquez \u00e8 stato il primo pilota Ducati nelle qualifiche del GP d\u2019Italia.<\/p>\n<p>&#8220;Per me non \u00e8 significativo essere la prima o la seconda Ducati, in qualifica il giro \u00e8 stato buono, ma mi sono arrangiato come facevo cinque anni fa, la scia era perfetta&#8230; La moto ha potenziale, non sto riuscendo a sfruttarne tutto il potenziale, ma la moto ha la forza per lottare per il Mondiale&#8221;.<\/p>\n<p>Quando hanno chiesto a Marc se fosse soddisfatto delle sensazioni della spalla, ha raccontato un aneddoto molto curioso. &#8220;Oggi, quando ho finito la Sprint, sono riuscito a scrivere degli appunti sul taccuino. Nelle precedenti non scrivevo nulla perch\u00e9 mi tremava la mano, non riuscivo a scrivere n\u00e9 a coordinarmi, e scherzavamo con il mio tecnico, perch\u00e9 sono davvero riuscito a riscriverli dopo la gara, e questo \u00e8 un grande passo avanti&#8221;.<\/p>\n<p>   <img decoding=\"async\" draggable=\"false\" src=\"https:\/\/www.europesays.com\/it\/wp-content\/uploads\/2026\/05\/fermin-aldeguer-gresini-racing.jpg\" alt=\"Ferm\u00edn Aldeguer, Gresini Racing, Marc M\u00e1rquez, Ducati Team\" width=\"1200\" height=\"800\" loading=\"lazy\"\/> <\/p>\n<p class=\"title\">Ferm\u00edn Aldeguer, Gresini Racing, Marc M\u00e1rquez, Ducati Team<\/p>\n<p class=\"photographer\">Foto di: Gold and Goose Photography \/ Getty Images<\/p>\n<p>Infine gli \u00e8 stato chiesto se fosse ben consapevole che in questo momento \u00e8 vietato cadere.<\/p>\n<p>&#8220;\u00c8 una cosa che ho ben presente fuori dalla pista, ma quando sei in sella alla moto non puoi pensarci perch\u00e9 il tempo sale rapidamente di un secondo. Ma ovviamente \u00e8 una delle cose che Tardozzi mi ripete pi\u00f9 spesso, sappiamo dove siamo e l&#8217;ultima cosa di cui ho bisogno in questo momento \u00e8 un infortunio, quindi non \u00e8 il circuito migliore per esagerare&#8221;, ha concluso il pilota della Ducati.<\/p>\n<p>Leggi anche:<\/p>\n<p>            Vogliamo la vostra opinione!<\/p>\n<p class=\"mt-auto\">Cosa vorresti vedere su Motorsport.com?<\/p>\n<p>            <a href=\"#\" class=\"ms-link text-link font-bold\">Partecipate al nostro sondaggio di 5 minuti.<\/a><\/p>\n<p class=\"mt-1 text-body\">&#8211; Il team di Motorsport.com<\/p>\n","protected":false},"excerpt":{"rendered":"Marc Marquez lo aveva gi\u00e0 preannunciato nei giorni precedenti, quando si \u00e8 presentato al Mugello dopo aver saltato&hellip;\n","protected":false},"author":3,"featured_media":516085,"comment_status":"","ping_status":"","sticky":false,"template":"","format":"standard","meta":{"footnotes":"","_share_on_mastodon":"0"},"categories":[176],"tags":[2834,1537,90,89,2835,1785,285183,5513,245,244],"class_list":["post-516084","post","type-post","status-publish","format-standard","has-post-thumbnail","category-sport","tag-ducati-team","tag-it","tag-italia","tag-italy","tag-marc-marquez","tag-motogp","tag-motogp-marquez-ducati-ha-il-potenziale-per-lottare-per-il-titolo-sono-io-che-non-riesco-a-sfruttarla","tag-mugello","tag-sport","tag-sports"],"share_on_mastodon":{"url":"https:\/\/pubeurope.com\/@it\/116665953013507426","error":""},"_links":{"self":[{"href":"https:\/\/www.europesays.com\/it\/wp-json\/wp\/v2\/posts\/516084","targetHints":{"allow":["GET"]}}],"collection":[{"href":"https:\/\/www.europesays.com\/it\/wp-json\/wp\/v2\/posts"}],"about":[{"href":"https:\/\/www.europesays.com\/it\/wp-json\/wp\/v2\/types\/post"}],"author":[{"embeddable":true,"href":"https:\/\/www.europesays.com\/it\/wp-json\/wp\/v2\/users\/3"}],"replies":[{"embeddable":true,"href":"https:\/\/www.europesays.com\/it\/wp-json\/wp\/v2\/comments?post=516084"}],"version-history":[{"count":0,"href":"https:\/\/www.europesays.com\/it\/wp-json\/wp\/v2\/posts\/516084\/revisions"}],"wp:featuredmedia":[{"embeddable":true,"href":"https:\/\/www.europesays.com\/it\/wp-json\/wp\/v2\/media\/516085"}],"wp:attachment":[{"href":"https:\/\/www.europesays.com\/it\/wp-json\/wp\/v2\/media?parent=516084"}],"wp:term":[{"taxonomy":"category","embeddable":true,"href":"https:\/\/www.europesays.com\/it\/wp-json\/wp\/v2\/categories?post=516084"},{"taxonomy":"post_tag","embeddable":true,"href":"https:\/\/www.europesays.com\/it\/wp-json\/wp\/v2\/tags?post=516084"}],"curies":[{"name":"wp","href":"https:\/\/api.w.org\/{rel}","templated":true}]}}