{"id":516134,"date":"2026-05-30T23:26:13","date_gmt":"2026-05-30T23:26:13","guid":{"rendered":"https:\/\/www.europesays.com\/it\/516134\/"},"modified":"2026-05-30T23:26:13","modified_gmt":"2026-05-30T23:26:13","slug":"roland-garros-il-programma-della-domenica-ottavi-ce-zverev-attesa-per-ruud-fonseca","status":"publish","type":"post","link":"https:\/\/www.europesays.com\/it\/516134\/","title":{"rendered":"Roland Garros, il programma della domenica: ottavi, c&#8217;\u00e8 Zverev, attesa per Ruud-Fonseca"},"content":{"rendered":"<p>                                Nessun italiano in singolare, mentre ci saranno nel doppio Simone Bolelli e Andrea Vavassori che sfideranno Paul\/Willis. Vavassori sar\u00e0 impegnato anche in doppio misto: insieme a Sara Errani sfider\u00e0 Stollar\/Harrison. Swiatek-Kostyuk apre la giornata femminile\u00a0<\/p>\n<p>\n                                                                    Pellegrino Dell&#8217;Anno\n                            <\/p>\n<p>                    30 maggio &#8211; 23:47  &#8211; MILANO<\/p>\n<p class=\"paragraph\" spellcheck=\"true\">Prima giornata di ottavi di finale al Roland Garros. In attesa della sbornia del luned\u00ec, con ben tre italiani che scenderanno in campo (Cobolli, Berrettini e Arnaldi), ci sar\u00e0 spazio per il grande favorito del torneo. Alexander Zverev, n.2 del seeding, giocher\u00e0 il terzo match dalle 11 sul Philippe Chatrier. Non prima delle 15.30 scender\u00e0 in campo contro Jesper De Jong, il quinto lucky loser capace di raggiungere il quarto turno nella storia del Roland Garros. Sasha \u00e8 avanti 2-0 nei precedenti, il secondo proprio qui, al secondo turno del 2025. Sar\u00e0 solo uno dei quattro match maschili in programma.\u00a0<\/p>\n<p>    atp\u2014 \u00a0<\/p>\n<p class=\"paragraph is-inline\" spellcheck=\"true\">L&#8217;altro match di singolare maschile che si disputer\u00e0 sullo Chatrier sar\u00e0 quello di Casper Ruud, due volte finalista al Roland Garros. Il norvegese affronter\u00e0 Joao Fonseca, giustiziere di Novak Djokovic, nella partita pi\u00f9 attesa del giorno a livello maschile. Scenderanno in campo in sessione serale, non prima delle 20.15. Gli altri due match maschili saranno invece sul Suzanne Lenglen. Rafael Jodar, la mina vagante, come secondo match dalle 11 contro Pablo Carreno Busta, dopo Cirstea-Wang, dunque intorno alle 13. Come ultimo match, alle 18 circa, invece l&#8217;intrigante partita tra Jakub Mensik e Andrey Rublev, 26esima e 11esima testa di serie. Per quanto riguarda i doppi, ci saranno anche Simone Bolelli e Andrea Vavassori. La quinta coppia del seeding giocher\u00e0 il secondo match sul campo 7, intorno alle 12.30, contro Paul\/Willis. E Vavassori torner\u00e0 su quel campo, per la quarta partita, in doppio misto: insieme a Sara Errani sfider\u00e0 Stollar\/Harrison.\u00a0<\/p>\n<p>    wta\u2014 \u00a0<\/p>\n<p class=\"paragraph is-inline\" spellcheck=\"true\">Per quanto riguarda il tabellone femminile, la partita pi\u00f9 interessante \u00e8 sicuramente la prima, alle 11. Iga Swiatek, n.3 del seeding e unica giocatrice ancora in tabellone ad aver vinto questo torneo (4 volte), affronter\u00e0 Marta Kostyuk. L&#8217;ucraina, quindicesima forza del torneo, \u00e8 ancora imbattuta in questa stagione sulla terra: 15 vittorie su 15. La polacca ha vinto tre precedenti su tre, ma il pi\u00f9 recente \u00e8 del 2024, dunque da prendere relativamente in considerazione. Dopo di loro, intorno alle 13, sar\u00e0 il turno di Elina Svitolina e Belinda Bencic, n.7 e n.11 del seeding. L&#8217;ucraina \u00e8 avanti 4-2 nei precedenti, ma non si sono mai incrociate in uno Slam. L&#8217;altro match femminile sar\u00e0 il terzo in programma sul Lenglen, intorno alle 15.30, tra l&#8217;ottava testa di serie Mirra Andreeva e la sorprendente Jil Teichmann, n.170 Wta.<\/p>\n<p class=\"is-copyright\">\u00a9 RIPRODUZIONE RISERVATA<\/p>\n","protected":false},"excerpt":{"rendered":"Nessun italiano in singolare, mentre ci saranno nel doppio Simone Bolelli e Andrea Vavassori che sfideranno Paul\/Willis. Vavassori&hellip;\n","protected":false},"author":3,"featured_media":516135,"comment_status":"","ping_status":"","sticky":false,"template":"","format":"standard","meta":{"footnotes":"","_share_on_mastodon":"0"},"categories":[1457],"tags":[7918,2700,2974,15394,274540,274541,921,251033,1906,42516,285260,37417,285261,285262,1944,41970,3650,2250,1537,90,89,1894,1290,4566,897,32851,14175,37086,245,244,1273,6663,19627,15396],"class_list":["post-516134","post","type-post","status-publish","format-standard","has-post-thumbnail","category-tennis","tag-affrontera","tag-andrea","tag-andrea-vavassori","tag-bolelli","tag-bolelli-andrea","tag-bolelli-andrea-vavassori","tag-campo","tag-chatrier","tag-doppio","tag-doppio-misto","tag-doppio-misto-errani","tag-errani","tag-errani-sfidera","tag-errani-sfidera-stollar","tag-femminile","tag-fonseca","tag-garros","tag-giochera","tag-it","tag-italia","tag-italy","tag-match","tag-partita","tag-precedenti","tag-programma","tag-roland","tag-roland-garros","tag-seeding","tag-sport","tag-sports","tag-tennis","tag-torneo","tag-turno","tag-vavassori"],"share_on_mastodon":{"url":"https:\/\/pubeurope.com\/@it\/116666118138739774","error":""},"_links":{"self":[{"href":"https:\/\/www.europesays.com\/it\/wp-json\/wp\/v2\/posts\/516134","targetHints":{"allow":["GET"]}}],"collection":[{"href":"https:\/\/www.europesays.com\/it\/wp-json\/wp\/v2\/posts"}],"about":[{"href":"https:\/\/www.europesays.com\/it\/wp-json\/wp\/v2\/types\/post"}],"author":[{"embeddable":true,"href":"https:\/\/www.europesays.com\/it\/wp-json\/wp\/v2\/users\/3"}],"replies":[{"embeddable":true,"href":"https:\/\/www.europesays.com\/it\/wp-json\/wp\/v2\/comments?post=516134"}],"version-history":[{"count":0,"href":"https:\/\/www.europesays.com\/it\/wp-json\/wp\/v2\/posts\/516134\/revisions"}],"wp:featuredmedia":[{"embeddable":true,"href":"https:\/\/www.europesays.com\/it\/wp-json\/wp\/v2\/media\/516135"}],"wp:attachment":[{"href":"https:\/\/www.europesays.com\/it\/wp-json\/wp\/v2\/media?parent=516134"}],"wp:term":[{"taxonomy":"category","embeddable":true,"href":"https:\/\/www.europesays.com\/it\/wp-json\/wp\/v2\/categories?post=516134"},{"taxonomy":"post_tag","embeddable":true,"href":"https:\/\/www.europesays.com\/it\/wp-json\/wp\/v2\/tags?post=516134"}],"curies":[{"name":"wp","href":"https:\/\/api.w.org\/{rel}","templated":true}]}}