{"id":516140,"date":"2026-05-30T23:31:13","date_gmt":"2026-05-30T23:31:13","guid":{"rendered":"https:\/\/www.europesays.com\/it\/516140\/"},"modified":"2026-05-30T23:31:13","modified_gmt":"2026-05-30T23:31:13","slug":"leao-lascia-il-milan-ho-dato-tutto-voglio-una-nuova-sfida","status":"publish","type":"post","link":"https:\/\/www.europesays.com\/it\/516140\/","title":{"rendered":"Leao lascia il Milan: &#8220;Ho dato tutto, voglio una nuova sfida&#8221;"},"content":{"rendered":"<p>                                L\u2019attaccante portoghese rompe il silenzio e a SportTv apre all\u2019addio in estate: &#8220;Il Milan mi ha fatto crescere e sostenuto nei momenti difficili, ma ora sento il bisogno di provare qualcosa di nuovo&#8221;<\/p>\n<p class=\"paragraph\" spellcheck=\"true\">Dall\u2019estate del 2019 a ieri. La storia di Rafa Leao al Milan \u00e8 durata sette anni: ora stanno scorrendo i titoli di coda. Per volont\u00e0 dello stesso Rafa: &#8220;Penso di aver dato al Milan tutto quello che potevo dare. E\u2019 stato un club che mi ha aiutato molto a crescere, che mi ha sostenuto nei momenti difficili. Sono felice di essere riuscito a scrivere il mio nome nella storia del club. Desidero provare una nuova sfida in un nuovo campionato. E se questo dovesse accadere, ne sarei molto felice e soddisfatto, perch\u00e9 significherebbe che ho fatto il mio lavoro nel migliore dei modi&#8221;. Parole pronunciate a SportTv, in Portogallo, durante un evento organizzato da uno dei brand di cui \u00e8 testimonial. Rafa \u00e8 gi\u00e0 lontano da Milano, a Lisbona, e a questo punto torner\u00e0 soltanto di passaggio. La storia \u00e8 finita qui. Spagna, Premier League o Arabia Saudita? &#8220;No, in questo momento la cosa pi\u00f9 importante \u00e8 il Mondiale, aiutare la Nazionale e fare bene. Poi, quando arriver\u00e0 il momento, valuter\u00f2 le mie opzioni per proseguire la mia carriera e continuare a competere ai massimi livelli del calcio europeo&#8221;.<\/p>\n<p>        simbolo\u2014 \u00a0<\/p>\n<p class=\"paragraph\" spellcheck=\"true\">Rafa era arrivato al Milan dal Lilla nell\u2019estate 2019 per 24 milioni: una giovanissima promessa. E infatti ci \u00e8 voluto tempo e il club lo ha atteso: il suo primo allenatore rossonero era stato Marco Giampaolo. Un Leao giovanissimo non aveva lasciato il segno. Lo far\u00e0, indelebile, con Pioli alla guida: campione d\u2019Italia 2022 con il titolo di miglior giocatore del campionato. Rafa stella del Milan scudettato, leader tecnico e simbolo della tifoseria. Un anno dopo lo stesso Leao era stato trascinatore della squadra fino al derby della semifinale Champions.<\/p>\n<p><a class=\"is-partner-link\" href=\"https:\/\/abbonamenti.gazzetta.it\/de-promo-mondiali\/?pwcmp=cta&amp;forceBrowser=true\" rel=\"nofollow noopener\" target=\"_blank\">Gazzetta Mondiale: ogni notte un\u2019edizione straordinaria esclusiva. Non perdertela, abbonati a 1\u20ac\/mese!<\/a><\/p>\n<p>        involuzione\u2014 \u00a0<\/p>\n<p class=\"paragraph\" spellcheck=\"true\">Poi per\u00f2 certe vette non sono pi\u00f9 state toccate: stagioni deludenti, anche se il suo contributo in zona gol non \u00e8 mai mancato. Lascia per\u00f2 con la sensazione che avrebbe potuto fare di pi\u00f9: nella gestione portoghese di Fonseca e Concei\u00e7ao non ha dato un contributo decisivo, cos\u00ec come con Allegri nella stagione appena conclusa. Peggio: nelle ultime partite era tornato il giocatore insolente e svogliato, sempre accompagnato fuori dal campo dai fischi. Non ci saranno occasioni per far tornare gli applausi, Leao ha scelto di salutare. Finisce qui, con 291 presenze rossonero e 80 gol.<\/p>\n<p class=\"is-copyright\">\u00a9 RIPRODUZIONE RISERVATA<\/p>\n","protected":false},"excerpt":{"rendered":"L\u2019attaccante portoghese rompe il silenzio e a SportTv apre all\u2019addio in estate: &#8220;Il Milan mi ha fatto crescere&hellip;\n","protected":false},"author":3,"featured_media":516141,"comment_status":"","ping_status":"","sticky":false,"template":"","format":"standard","meta":{"footnotes":"","_share_on_mastodon":"0"},"categories":[1452],"tags":[721,1856,554,7323,3081,285263,285264,1277,12105,1533,2245,1740,564,1976,1537,90,89,8007,553,4003,88012,273,285265,285266,13201,2172,1990,9611,3461,1739,245,244,1567],"class_list":["post-516140","post","type-post","status-publish","format-standard","has-post-thumbnail","category-calcio","tag-calcio","tag-campionato","tag-club","tag-contributo","tag-crescere","tag-crescere-sostenuto","tag-crescere-sostenuto-momenti","tag-dato","tag-difficili","tag-estate","tag-felice","tag-football","tag-giocatore","tag-gol","tag-it","tag-italia","tag-italy","tag-leao","tag-milan","tag-momenti","tag-momenti-difficili","tag-nuova","tag-nuova-sfida","tag-nuova-sfida-campionato","tag-portoghese","tag-provare","tag-rafa","tag-rossonero","tag-sfida","tag-soccer","tag-sport","tag-sports","tag-storia"],"share_on_mastodon":{"url":"https:\/\/pubeurope.com\/@it\/116666137853730709","error":""},"_links":{"self":[{"href":"https:\/\/www.europesays.com\/it\/wp-json\/wp\/v2\/posts\/516140","targetHints":{"allow":["GET"]}}],"collection":[{"href":"https:\/\/www.europesays.com\/it\/wp-json\/wp\/v2\/posts"}],"about":[{"href":"https:\/\/www.europesays.com\/it\/wp-json\/wp\/v2\/types\/post"}],"author":[{"embeddable":true,"href":"https:\/\/www.europesays.com\/it\/wp-json\/wp\/v2\/users\/3"}],"replies":[{"embeddable":true,"href":"https:\/\/www.europesays.com\/it\/wp-json\/wp\/v2\/comments?post=516140"}],"version-history":[{"count":0,"href":"https:\/\/www.europesays.com\/it\/wp-json\/wp\/v2\/posts\/516140\/revisions"}],"wp:featuredmedia":[{"embeddable":true,"href":"https:\/\/www.europesays.com\/it\/wp-json\/wp\/v2\/media\/516141"}],"wp:attachment":[{"href":"https:\/\/www.europesays.com\/it\/wp-json\/wp\/v2\/media?parent=516140"}],"wp:term":[{"taxonomy":"category","embeddable":true,"href":"https:\/\/www.europesays.com\/it\/wp-json\/wp\/v2\/categories?post=516140"},{"taxonomy":"post_tag","embeddable":true,"href":"https:\/\/www.europesays.com\/it\/wp-json\/wp\/v2\/tags?post=516140"}],"curies":[{"name":"wp","href":"https:\/\/api.w.org\/{rel}","templated":true}]}}