{"id":516208,"date":"2026-05-31T00:27:15","date_gmt":"2026-05-31T00:27:15","guid":{"rendered":"https:\/\/www.europesays.com\/it\/516208\/"},"modified":"2026-05-31T00:27:15","modified_gmt":"2026-05-31T00:27:15","slug":"milano-pinacoteca-di-brera-aperta-il-2-giugno-ingresso-gratis","status":"publish","type":"post","link":"https:\/\/www.europesays.com\/it\/516208\/","title":{"rendered":"Milano, pinacoteca di Brera aperta il 2 giugno: ingresso gratis"},"content":{"rendered":"<p>La <a href=\"https:\/\/www.milanotoday.it\/tag\/pinacoteca-brera\/\" rel=\"nofollow noopener\" target=\"_blank\">Pinacoteca di Brera<\/a> a Milano rimarr\u00e0 eccezionalmente aperta al pubblico nelle giornate di luned\u00ec 1 e marted\u00ec 2 giugno 2026. L&#8217;apertura straordinaria permetter\u00e0 a cittadini e turisti di visitare le collezioni d&#8217;arte del museo e la mostra temporanea dedicata ad Agostino da Lodi, esposizione che ripercorre la carriera dell&#8217;artista attivo a cavallo del 1500. E per la giornata di marted\u00ec 2 giugno, l&#8217;ingresso sar\u00e0 <a href=\"https:\/\/www.milanotoday.it\/tag\/gratis\/\" rel=\"nofollow noopener\" target=\"_blank\">gratuito<\/a>.<\/p>\n<p>Ingresso gratis il 2 giugno<\/p>\n<p>In occasione della festa della Repubblica, marted\u00ec 2 giugno l&#8217;ingresso alla Pinacoteca sar\u00e0 gratuito per tutti i visitatori. In entrambe le giornate il museo osserver\u00e0 l&#8217;orario continuato dalle 8.30 alle 19.15.<\/p>\n<p>  &#13;<br \/>\n&#13;<br \/>\n  &lt;!?php if ( SF_DOMAIN == &#8216;citynews-bruxellestoday&#8217; || SF_DOMAIN == &#8216;citynews-cagliaritoday&#8217; || SF_DOMAIN == &#8216;citynews-sassaritoday&#8217; || SF_DOMAIN == &#8216;citynews-tarantotoday&#8217; || SF_DOMAIN == &#8216;citynews-viterbotoday&#8217; || SF_DOMAIN == &#8216;citynews-ferraratoday&#8217; ): ?&gt;&#13;<br \/>\n    &#13;<br \/>\n  &lt;!?php endif; ?&gt;&#13;<br \/>\n  &#13;<br \/>\n&#13;<br \/>\n        &#13;<br \/>\n        &#13;<\/p>\n","protected":false},"excerpt":{"rendered":"La Pinacoteca di Brera a Milano rimarr\u00e0 eccezionalmente aperta al pubblico nelle giornate di luned\u00ec 1 e marted\u00ec&hellip;\n","protected":false},"author":3,"featured_media":516209,"comment_status":"","ping_status":"","sticky":false,"template":"","format":"standard","meta":{"footnotes":"","_share_on_mastodon":"0"},"categories":[1446],"tags":[1615,1613,1614,1611,1610,1612,203,14020,204,1537,90,89,8399,253719],"class_list":["post-516208","post","type-post","status-publish","format-standard","has-post-thumbnail","category-arte-e-design","tag-arte","tag-arte-e-design","tag-arteedesign","tag-arts","tag-arts-and-design","tag-design","tag-entertainment","tag-gratis","tag-intrattenimento","tag-it","tag-italia","tag-italy","tag-musei","tag-pinacoteca-brera"],"share_on_mastodon":{"url":"https:\/\/pubeurope.com\/@it\/116666357891123191","error":""},"_links":{"self":[{"href":"https:\/\/www.europesays.com\/it\/wp-json\/wp\/v2\/posts\/516208","targetHints":{"allow":["GET"]}}],"collection":[{"href":"https:\/\/www.europesays.com\/it\/wp-json\/wp\/v2\/posts"}],"about":[{"href":"https:\/\/www.europesays.com\/it\/wp-json\/wp\/v2\/types\/post"}],"author":[{"embeddable":true,"href":"https:\/\/www.europesays.com\/it\/wp-json\/wp\/v2\/users\/3"}],"replies":[{"embeddable":true,"href":"https:\/\/www.europesays.com\/it\/wp-json\/wp\/v2\/comments?post=516208"}],"version-history":[{"count":0,"href":"https:\/\/www.europesays.com\/it\/wp-json\/wp\/v2\/posts\/516208\/revisions"}],"wp:featuredmedia":[{"embeddable":true,"href":"https:\/\/www.europesays.com\/it\/wp-json\/wp\/v2\/media\/516209"}],"wp:attachment":[{"href":"https:\/\/www.europesays.com\/it\/wp-json\/wp\/v2\/media?parent=516208"}],"wp:term":[{"taxonomy":"category","embeddable":true,"href":"https:\/\/www.europesays.com\/it\/wp-json\/wp\/v2\/categories?post=516208"},{"taxonomy":"post_tag","embeddable":true,"href":"https:\/\/www.europesays.com\/it\/wp-json\/wp\/v2\/tags?post=516208"}],"curies":[{"name":"wp","href":"https:\/\/api.w.org\/{rel}","templated":true}]}}