{"id":516320,"date":"2026-05-31T01:59:18","date_gmt":"2026-05-31T01:59:18","guid":{"rendered":"https:\/\/www.europesays.com\/it\/516320\/"},"modified":"2026-05-31T01:59:18","modified_gmt":"2026-05-31T01:59:18","slug":"lanticiclone-si-arrende-ce-la-svolta-temporalesca-pioggia-e-maltempo-spazzano-via-il-gran-caldo","status":"publish","type":"post","link":"https:\/\/www.europesays.com\/it\/516320\/","title":{"rendered":"L\u2019anticiclone si arrende, c\u2019\u00e8 la svolta temporalesca: pioggia e maltempo spazzano via il gran caldo"},"content":{"rendered":"<p>Firenze, 30 maggio 2026 \u2013\u00a0<a rel=\"follow nofollow noopener\" href=\"https:\/\/www.lanazione.it\/meteo\/toscana-caldo-quanto-dura-blrxpjzk\" target=\"_blank\"><strong>L\u2019anticiclone subtropicale<\/strong><\/a>, che ha dominato l\u2019Europa in questa settimana\u00a0portando la prima ondata di <strong><a rel=\"follow nofollow noopener\" href=\"https:\/\/www.lanazione.it\/meteo\/toscana-meteo-caldo-e5ca77c5\" target=\"_blank\">caldo &#8220;estremo&#8221;<\/a> <\/strong>dell&#8217;anno, ha i giorni contati. Dopo i <strong>record <\/strong>infranti in mezza Europa \u2013 con punte di 40\u00b0C in Portogallo, 37\u00b0C a Bordeaux e temperature eccezionali anche in Italia, come i 36\u00b0C di Aosta e i <a rel=\"follow nofollow noopener\" href=\"https:\/\/www.quotidiano.net\/meteo\/caldo-bollino-arancione-italia-axtsstma\" target=\"_blank\"><strong>35\u00b0C di Firenze<\/strong><\/a> \u2013 la <strong>situazione<\/strong> <strong>meteo <\/strong>sta per cambiare. Secondo gli esperti del <a rel=\"nofollow noopener\" href=\"https:\/\/www.lamma.toscana.it\/\" target=\"_blank\">Consorzio LaMMA<\/a>, Claudio Tei e Daniele Grifoni, siamo davanti a un passaggio di testimone tra l&#8217;alta pressione e le <strong>perturbazioni<\/strong> <strong>atlantiche<\/strong>.<\/p>\n<p>Nonostante i temporali che hanno gi\u00e0 interessato alcune zone della Toscana nella giornata di venerd\u00ec 29 maggio, l&#8217;anticiclone regge\u00a0ancora <strong>per tutto il fine settimana<\/strong>, specialmente al Centro-Sud.<\/p>\n<p> <img alt=\"L\u2019anticiclone si arrende, c\u2019\u00e8 la svolta temporalesca: pioggia e maltempo spazzano via il gran caldo\" loading=\"lazy\" width=\"762\" height=\"429\" decoding=\"async\" data-nimg=\"1\" style=\"color:transparent\"  src=\"https:\/\/www.europesays.com\/it\/wp-content\/uploads\/2026\/05\/xabxa2s.jpeg\"\/><\/p>\n<p>Approfondisci:<\/p>\n<p><a href=\"https:\/\/www.lanazione.it\/siena\/cronaca\/gasolio-annacquato-sequestrati-105mila-litri-di-carburante-blitz-nei-distributori-le-irregolarita-14dbe571\" class=\"ArticleEmbed_article__embed__content__Jzqnz\" rel=\"nofollow noopener\" target=\"_blank\">Gasolio annacquato, sequestrati 105mila litri di carburante. Blitz nei distributori: le irregolarit\u00e0<img alt=\"Gasolio annacquato, sequestrati 105mila litri di carburante. Blitz nei distributori: le irregolarit\u00e0\" loading=\"lazy\" width=\"140\" height=\"78\" decoding=\"async\" data-nimg=\"1\" style=\"color:transparent\"  src=\"https:\/\/www.europesays.com\/it\/wp-content\/uploads\/2026\/05\/controlli-della-guardia-di-finanza-ai-distributori.webp\"\/><\/a> <\/p>\n<p>Sabato 30 maggio l\u2019alta pressione resta salda sul Mediterraneo centrale. Le temperature, dopo un lieve calo, tornano a salire con massime fino a 32\u00b0C in Valpadana\u00a0e 31\u00b0C al Centro. Domenica 31 maggio sar\u00e0 una giornata prettamente estiva. L\u2019anticiclone si rinforzer\u00e0 ulteriormente, portando la colonnina di mercurio a toccare punte di 34\u00b0C. Tuttavia, sull\u2019arco alpino centro-orientale inizier\u00e0 ad aumentare l\u2019instabilit\u00e0, segnale dell\u2019aria pi\u00f9 fresce che preme da Ovest.\u00a0<\/p>\n<p> <img alt=\"L'ingresso del maltempo in Italia tra la giornata di luned\u00ec 1 e marted\u00ec 2 giugno (Foto da Meteo &amp; Radar Italia)\" loading=\"lazy\" width=\"1600\" height=\"900\" decoding=\"async\" data-nimg=\"1\" style=\"color:transparent;max-width:100%;height:auto\"   src=\"https:\/\/www.europesays.com\/it\/wp-content\/uploads\/2026\/05\/l-ingresso-del-maltempo-in-italia-tra-la-giornata-di-lunedi-1-e-martedi-2-giugno-foto-da-meteo-radar.webp\"\/><\/p>\n<p>L&#8217;ingresso del maltempo in Italia tra la giornata di luned\u00ec 1 e marted\u00ec 2 giugno (Foto da Meteo &amp; Radar Italia)<\/p>\n<p>La prossima settimana segner\u00e0 il vero punto di rottura. Gi\u00e0 da <strong>luned\u00ec 1\u00a0giugno<\/strong>, l&#8217;alta pressione inizier\u00e0 a cedere sotto la spinta di <strong>correnti<\/strong> <strong>atlantiche<\/strong>. Il contrasto tra l&#8217;aria fresca in quota e il calore accumulato al suolo favorir\u00e0 lo sviluppo di <strong>temporali<\/strong>, inizialmente concentrati sul Nord-Est e lungo l&#8217;Appennino.<\/p>\n<p>Approfondisci:<\/p>\n<p><a href=\"https:\/\/www.lanazione.it\/cronaca\/migliore-hamburger-classifica-c1p1azs3\" class=\"ArticleEmbed_article__embed__content__Jzqnz\" rel=\"nofollow noopener\" target=\"_blank\">Il miglior hamburger d\u2019Italia (e 27esimo al mondo) si mangia a Firenze, la classifica 2026<img alt=\"Il miglior hamburger d\u2019Italia (e 27esimo al mondo) si mangia a Firenze, la classifica 2026\" loading=\"lazy\" width=\"140\" height=\"78\" decoding=\"async\" data-nimg=\"1\" style=\"color:transparent\"  src=\"https:\/\/www.europesays.com\/it\/wp-content\/uploads\/2026\/05\/il-miglior-hamburger-d-italia-si-mangia-a-firenze-e-27esimo-in-classifica-mondiale-fonte-world-s-101.webp\"\/><\/a> <\/p>\n<p>Il peggioramento pi\u00f9 marcato \u00e8 atteso tra marted\u00ec e mercoled\u00ec: marted\u00ec 2 giugno il maltempo colpir\u00e0 il Nord, con precipitazioni localmente abbondanti nelle zone nord-occidentali. Tempo instabile anche nelle zone interne del Centro. <strong>Mercoled\u00ec 3 giugno<\/strong> \u2013\u00a0secondo gli esperti del Lamma \u2013\u00a0sar\u00e0 la giornata del transito del fronte perturbato. <strong>Piogge<\/strong> <strong>e<\/strong> <strong>temporali <\/strong>interesseranno in modo diffuso tutto il Centro-Nord fino alla Campania, mentre il resto del Meridione rester\u00e0 ai margini del peggioramento.<\/p>\n<p> <img alt=\"Mercoled\u00ec 3 giugno piogge e temporali interesseranno in modo diffuso tutto il Centro-Nord (Foto Getty Images\/iStock)\" loading=\"lazy\" width=\"2121\" height=\"1414\" decoding=\"async\" data-nimg=\"1\" style=\"color:transparent;max-width:100%;height:auto\"   src=\"https:\/\/www.europesays.com\/it\/wp-content\/uploads\/2026\/05\/mercoledi-3-giugno-piogge-e-temporali-interesseranno-in-modo-diffuso-tutto-il-centro-nord-foto-getty.webp\"\/><\/p>\n<p>Mercoled\u00ec 3 giugno piogge e temporali interesseranno in modo diffuso tutto il Centro-Nord (Foto Getty Images\/iStock)<\/p>\n<p>La conseguenza diretta di questa perturbazione sar\u00e0 una <strong>diminuzione sensibile delle temperature<\/strong>. Entro mercoled\u00ec, i valori scenderanno ovunque <strong>al di sotto dei 30 gradi<\/strong>, specialmente nelle regioni centro-settentrionali. Il calo non sar\u00e0 per\u00f2 definitivo: gi\u00e0 da gioved\u00ec \u00e8 attesa una <strong>nuova rimonta termica<\/strong> che riporter\u00e0 il sole e temperature pi\u00f9 gradevoli, intorno ai 28-29 gradi.<\/p>\n<p>Approfondisci:<\/p>\n<p><a href=\"https:\/\/www.lanazione.it\/firenze\/cronaca\/nuovo-ponte-nencioni-diretta-j9gku82w\" class=\"ArticleEmbed_article__embed__content__Jzqnz\" rel=\"nofollow noopener\" target=\"_blank\">Il nuovo ponte Nencioni \u00e8 aperto, un fiume di persone per l\u2019inaugurazione. Funaro emozionata: \u201cUn giorno che porter\u00f2 nel cuore\u201d<img alt=\"Il nuovo ponte Nencioni \u00e8 aperto, un fiume di persone per l\u2019inaugurazione. Funaro emozionata: \u201cUn giorno che porter\u00f2 nel cuore\u201d\" loading=\"lazy\" width=\"140\" height=\"78\" decoding=\"async\" data-nimg=\"1\" style=\"color:transparent\"  src=\"https:\/\/www.europesays.com\/it\/wp-content\/uploads\/2026\/05\/firenze-aperto-il-ponte-nencioni-sull-arno-le-immagini-dal-drone-immagini-di-marco-mori-new-press-ph.webp\"\/><\/a> <\/p>\n<p>Questo il riassunto dei giorni in cui \u00e8 prevista pioggia. Ecco dove colpir\u00e0 il maltempo:<\/p>\n<p><strong>Luned\u00ec 1 giugno<\/strong>: instabilit\u00e0 soprattutto sulle zone orientali, appenniniche e sul Nord Est est dell&#8217;Italia.<\/p>\n<p><strong>Marted\u00ec 2 giugno<\/strong>: maltempo al Nord con precipitazioni localmente anche abbondanti, in particolare sulle zone nord-occidentali. Sulle zone interne del centro tempo instabile.\u00a0<\/p>\n<p><strong>Mercoled\u00ec 3 giugno<\/strong>. Atteso il transito del fronte perturbato, con un peggioramento pi\u00f9 marcato che interesser\u00e0 un po\u2019 tutto il Centro-Nord fino alla Campania.\u00a0<\/p>\n<p><strong>Gioved\u00ec 4 giugno<\/strong>. Miglioramento su gran parte della penisola, anche se la zona alpina occidentale\u00a0potr\u00e0 essere interessata ancora da precipitazioni a carattere di rovescio o locale temporale.<\/p>\n","protected":false},"excerpt":{"rendered":"Firenze, 30 maggio 2026 \u2013\u00a0L\u2019anticiclone subtropicale, che ha dominato l\u2019Europa in questa settimana\u00a0portando la prima ondata di caldo&hellip;\n","protected":false},"author":3,"featured_media":516321,"comment_status":"","ping_status":"","sticky":false,"template":"","format":"standard","meta":{"footnotes":"","_share_on_mastodon":"0"},"categories":[79],"tags":[11409,16589,1534,14,93,94,1537,90,89,437,7,15,634,285360,11608,285359,11,84,91,12,85,92],"class_list":["post-516320","post","type-post","status-publish","format-standard","has-post-thumbnail","category-italia","tag-anticiclone","tag-arrende","tag-caldo","tag-cronaca","tag-cronaca-italiana","tag-cronacaitaliana","tag-it","tag-italia","tag-italy","tag-maltempo","tag-news","tag-notizie","tag-pioggia","tag-spazzano","tag-svolta","tag-temporalesca","tag-ultime-notizie","tag-ultime-notizie-e-news-di-oggi","tag-ultime-notizie-italia","tag-ultimenotizie","tag-ultimenotizieenewsdioggi","tag-ultimenotizieitalia"],"share_on_mastodon":{"url":"https:\/\/pubeurope.com\/@it\/116666719892510172","error":""},"_links":{"self":[{"href":"https:\/\/www.europesays.com\/it\/wp-json\/wp\/v2\/posts\/516320","targetHints":{"allow":["GET"]}}],"collection":[{"href":"https:\/\/www.europesays.com\/it\/wp-json\/wp\/v2\/posts"}],"about":[{"href":"https:\/\/www.europesays.com\/it\/wp-json\/wp\/v2\/types\/post"}],"author":[{"embeddable":true,"href":"https:\/\/www.europesays.com\/it\/wp-json\/wp\/v2\/users\/3"}],"replies":[{"embeddable":true,"href":"https:\/\/www.europesays.com\/it\/wp-json\/wp\/v2\/comments?post=516320"}],"version-history":[{"count":0,"href":"https:\/\/www.europesays.com\/it\/wp-json\/wp\/v2\/posts\/516320\/revisions"}],"wp:featuredmedia":[{"embeddable":true,"href":"https:\/\/www.europesays.com\/it\/wp-json\/wp\/v2\/media\/516321"}],"wp:attachment":[{"href":"https:\/\/www.europesays.com\/it\/wp-json\/wp\/v2\/media?parent=516320"}],"wp:term":[{"taxonomy":"category","embeddable":true,"href":"https:\/\/www.europesays.com\/it\/wp-json\/wp\/v2\/categories?post=516320"},{"taxonomy":"post_tag","embeddable":true,"href":"https:\/\/www.europesays.com\/it\/wp-json\/wp\/v2\/tags?post=516320"}],"curies":[{"name":"wp","href":"https:\/\/api.w.org\/{rel}","templated":true}]}}